{"id":328731,"date":"2024-05-08T19:30:28","date_gmt":"2024-05-08T16:30:28","guid":{"rendered":"https:\/\/sana.sy\/es\/?p=328731"},"modified":"2024-05-08T19:31:29","modified_gmt":"2024-05-08T16:31:29","slug":"siria-reitera-su-apoyo-al-pueblo-palestino-frente-a-las-masacres-del-fascismo-israeli","status":"publish","type":"post","link":"https:\/\/archive.sana.sy\/es\/?p=328731","title":{"rendered":"Siria reitera su apoyo incondicional al pueblo palestino frente a las masacres del fascismo israel\u00ed"},"content":{"rendered":"<p style=\"text-align: justify\"><span style=\"color: #800000\"><strong>Damasco, 08 may (SANA)<\/strong><\/span> EL Ministerio de Asuntos Exteriores y Expatriados asever\u00f3 que el ataque sionista contra la ciudad palestina de Raf\u00e1 ubicada en el sur de la Franja de Gaza representa una continuaci\u00f3n b\u00e1rbara de la pol\u00edtica genocida y expansionista del gobierno terrorista de \u201cIsrael\u201d.<\/p>\n<p style=\"text-align: justify\">Asimismo fustig\u00f3 que \u00a0\u201cIsrael\u201d destruy\u00f3 la Franja de Gaza utilizando los generosos cargamentos de armas que le envi\u00f3 EEUU junto con sus aliados occidentales.<\/p>\n<p style=\"text-align: justify\">El n\u00famero de palestinos asesinados por aviones y tanques criminales sionistas ha superado los 35 mil, incluidos 16 mil ni\u00f1os,\u00a0 y se queda claro que el objetivo de la operaci\u00f3n israel\u00ed contra Raf\u00e1 es dejar a todos los palestinos sin vida, conden\u00f3 la Canciller\u00eda.<\/p>\n<p style=\"text-align: justify\">Subray\u00f3 que las fosas comunes en las que \u201cIsrael\u201d enterr\u00f3 a miles de palestinos s\u00f3lo recuerdan las pr\u00e1cticas fascistas nazis, denunciando que la entidad ocupante \u00a0socav\u00f3 por completo el sistema de salud en la asediada Franja.<\/p>\n<p style=\"text-align: justify\">\u201cGaza es una prueba palpable de la matanza colectiva de civiles hecho que constituye un crimen de guerra, crimen de lesa humanidad y crimen de asesinato y genocidio que son condenados por todos los pactos y convenciones internacionales\u201d, destac\u00f3.<\/p>\n<p style=\"text-align: justify\">Concluy\u00f3 el comunicado, reiterando el apoyo incondicional de Siria al pueblo palestino, y sus llamados a todos los pueblos del mundo que a\u00fan creen en el derecho internacional, los derechos humanos y el derecho internacional humanitario a detener estas masacres cometidas por el fascista israel\u00ed.<\/p>\n<p style=\"text-align: justify\">la<\/p>\n","protected":false},"excerpt":{"rendered":"<p>Damasco, 08 may (SANA) EL Ministerio de Asuntos Exteriores y Expatriados asever\u00f3 que el ataque sionista contra la ciudad palestina de Raf\u00e1 ubicada en el sur de la Franja de Gaza representa una continuaci\u00f3n b\u00e1rbara de la pol\u00edtica genocida y expansionista del gobierno terrorista de \u201cIsrael\u201d. Asimismo fustig\u00f3 que \u00a0\u201cIsrael\u201d destruy\u00f3 la Franja de Gaza &hellip;<\/p>\n","protected":false},"author":24,"featured_media":328732,"comment_status":"closed","ping_status":"closed","sticky":false,"template":"","format":"standard","meta":{"footnotes":""},"categories":[447,597,476,448,583],"tags":[],"class_list":["post-328731","post","type-post","status-publish","format-standard","has-post-thumbnail","","category-local-politica","category-cinta-de-noticias","category-locales","category-noticias","category-slide"],"_links":{"self":[{"href":"https:\/\/archive.sana.sy\/es\/index.php?rest_route=\/wp\/v2\/posts\/328731"}],"collection":[{"href":"https:\/\/archive.sana.sy\/es\/index.php?rest_route=\/wp\/v2\/posts"}],"about":[{"href":"https:\/\/archive.sana.sy\/es\/index.php?rest_route=\/wp\/v2\/types\/post"}],"author":[{"embeddable":true,"href":"https:\/\/archive.sana.sy\/es\/index.php?rest_route=\/wp\/v2\/users\/24"}],"replies":[{"embeddable":true,"href":"https:\/\/archive.sana.sy\/es\/index.php?rest_route=%2Fwp%2Fv2%2Fcomments&post=328731"}],"version-history":[{"count":2,"href":"https:\/\/archive.sana.sy\/es\/index.php?rest_route=\/wp\/v2\/posts\/328731\/revisions"}],"predecessor-version":[{"id":328734,"href":"https:\/\/archive.sana.sy\/es\/index.php?rest_route=\/wp\/v2\/posts\/328731\/revisions\/328734"}],"wp:featuredmedia":[{"embeddable":true,"href":"https:\/\/archive.sana.sy\/es\/index.php?rest_route=\/wp\/v2\/media\/328732"}],"wp:attachment":[{"href":"https:\/\/archive.sana.sy\/es\/index.php?rest_route=%2Fwp%2Fv2%2Fmedia&parent=328731"}],"wp:term":[{"taxonomy":"category","embeddable":true,"href":"https:\/\/archive.sana.sy\/es\/index.php?rest_route=%2Fwp%2Fv2%2Fcategories&post=328731"},{"taxonomy":"post_tag","embeddable":true,"href":"https:\/\/archive.sana.sy\/es\/index.php?rest_route=%2Fwp%2Fv2%2Ftags&post=328731"}],"curies":[{"name":"wp","href":"https:\/\/api.w.org\/{rel}","templated":true}]}}