{"id":328749,"date":"2024-05-09T08:26:15","date_gmt":"2024-05-09T05:26:15","guid":{"rendered":"https:\/\/sana.sy\/es\/?p=328749"},"modified":"2024-05-09T14:44:37","modified_gmt":"2024-05-09T11:44:37","slug":"agresion-israeli-contra-territorio-sirio-y-las-defensas-antiaereas-interceptan-varios-misiles","status":"publish","type":"post","link":"https:\/\/archive.sana.sy\/es\/?p=328749","title":{"rendered":"Agresi\u00f3n israel\u00ed contra territorio sirio y las defensas antia\u00e9reas interceptan varios misiles"},"content":{"rendered":"<p style=\"text-align: justify;\"><span style=\"color: #800000;\"><strong>Damasco-campo, 09may (SANA)\u00a0<\/strong> <\/span>Una fuente militar inform\u00f3 hoy que alrededor de las 3:20 am de este jueves, el enemigo israel\u00ed perpetr\u00f3 una agresi\u00f3n a\u00e9rea desde la direcci\u00f3n del Gol\u00e1n sirio ocupado.<\/p>\n<p style=\"text-align: justify;\">La fuente agreg\u00f3 que el ataque apunt\u00f3 contra un edificio en la provincia de Damasco-campo.<\/p>\n<p style=\"text-align: justify;\">Agreg\u00f3 que las unidades de defensa a\u00e9rea interceptaron algunos de los misiles mientras el impacto del resto ocasion\u00f3 p\u00e9rdidas materiales.<\/p>\n<p style=\"text-align: justify;\">fm\/ed<\/p>\n","protected":false},"excerpt":{"rendered":"<p>Damasco-campo, 09may (SANA)\u00a0 Una fuente militar inform\u00f3 hoy que alrededor de las 3:20 am de este jueves, el enemigo israel\u00ed perpetr\u00f3 una agresi\u00f3n a\u00e9rea desde la direcci\u00f3n del Gol\u00e1n sirio ocupado. La fuente agreg\u00f3 que el ataque apunt\u00f3 contra un edificio en la provincia de Damasco-campo. Agreg\u00f3 que las unidades de defensa a\u00e9rea interceptaron algunos &hellip;<\/p>\n","protected":false},"author":32,"featured_media":328750,"comment_status":"closed","ping_status":"closed","sticky":false,"template":"","format":"standard","meta":{"footnotes":""},"categories":[477,597,20724,476,583],"tags":[],"class_list":["post-328749","post","type-post","status-publish","format-standard","has-post-thumbnail","","category-noticias-edulcorantes","category-cinta-de-noticias","category-minuto-a-minuto","category-locales","category-slide"],"_links":{"self":[{"href":"https:\/\/archive.sana.sy\/es\/index.php?rest_route=\/wp\/v2\/posts\/328749"}],"collection":[{"href":"https:\/\/archive.sana.sy\/es\/index.php?rest_route=\/wp\/v2\/posts"}],"about":[{"href":"https:\/\/archive.sana.sy\/es\/index.php?rest_route=\/wp\/v2\/types\/post"}],"author":[{"embeddable":true,"href":"https:\/\/archive.sana.sy\/es\/index.php?rest_route=\/wp\/v2\/users\/32"}],"replies":[{"embeddable":true,"href":"https:\/\/archive.sana.sy\/es\/index.php?rest_route=%2Fwp%2Fv2%2Fcomments&post=328749"}],"version-history":[{"count":1,"href":"https:\/\/archive.sana.sy\/es\/index.php?rest_route=\/wp\/v2\/posts\/328749\/revisions"}],"predecessor-version":[{"id":328751,"href":"https:\/\/archive.sana.sy\/es\/index.php?rest_route=\/wp\/v2\/posts\/328749\/revisions\/328751"}],"wp:featuredmedia":[{"embeddable":true,"href":"https:\/\/archive.sana.sy\/es\/index.php?rest_route=\/wp\/v2\/media\/328750"}],"wp:attachment":[{"href":"https:\/\/archive.sana.sy\/es\/index.php?rest_route=%2Fwp%2Fv2%2Fmedia&parent=328749"}],"wp:term":[{"taxonomy":"category","embeddable":true,"href":"https:\/\/archive.sana.sy\/es\/index.php?rest_route=%2Fwp%2Fv2%2Fcategories&post=328749"},{"taxonomy":"post_tag","embeddable":true,"href":"https:\/\/archive.sana.sy\/es\/index.php?rest_route=%2Fwp%2Fv2%2Ftags&post=328749"}],"curies":[{"name":"wp","href":"https:\/\/api.w.org\/{rel}","templated":true}]}}