{"id":328792,"date":"2024-05-09T17:33:21","date_gmt":"2024-05-09T14:33:21","guid":{"rendered":"https:\/\/sana.sy\/es\/?p=328792"},"modified":"2024-05-09T17:33:21","modified_gmt":"2024-05-09T14:33:21","slug":"nuevos-paises-europeos-van-hacia-el-reconocimiento-del-estado-palestino","status":"publish","type":"post","link":"https:\/\/archive.sana.sy\/es\/?p=328792","title":{"rendered":"Nuevos pa\u00edses europeos van hacia el reconocimiento del Estado palestino"},"content":{"rendered":"<p style=\"text-align: justify;\"><span style=\"color: #800000;\"><strong>Capitales, 09 may\u00a0 (SANA)\u00a0 \u00a0<\/strong><\/span>La cadena de radio y televisi\u00f3n irlandesa RTE inform\u00f3 que algunos pa\u00edses miembros de la Uni\u00f3n Europea, incluidos Irlanda y Espa\u00f1a, est\u00e1n considerando reconocer el Estado de Palestina el 21 de mayo.<\/p>\n<p style=\"text-align: justify;\">La referida cadena explic\u00f3 citando a un portavoz del viceprimer ministro y ministro de Asuntos Exteriores y Defensa irland\u00e9s, Michael Martin, que &#8220;se han intensificado los contactos entre Irlanda, Espa\u00f1a, Eslovenia y Malta en relaci\u00f3n con el reconocimiento del Estado de Palestina&#8221;.<\/p>\n<p style=\"text-align: justify;\">Cabe destacar que Irlanda, Eslovenia, Malta y Noruega apoyan la iniciativa liderada por Espa\u00f1a de reconocer el Estado palestino .<\/p>\n<p style=\"text-align: justify;\">El Estado de Palestina est\u00e1 actualmente reconocido por 8 estados miembros de la Uni\u00f3n Europea: Bulgaria, Polonia, Chequia, Rumania, Eslovaquia, Hungr\u00eda, Chipre y Suecia.<\/p>\n<p style=\"text-align: justify;\">sm<\/p>\n","protected":false},"excerpt":{"rendered":"<p>Capitales, 09 may\u00a0 (SANA)\u00a0 \u00a0La cadena de radio y televisi\u00f3n irlandesa RTE inform\u00f3 que algunos pa\u00edses miembros de la Uni\u00f3n Europea, incluidos Irlanda y Espa\u00f1a, est\u00e1n considerando reconocer el Estado de Palestina el 21 de mayo. La referida cadena explic\u00f3 citando a un portavoz del viceprimer ministro y ministro de Asuntos Exteriores y Defensa irland\u00e9s, &hellip;<\/p>\n","protected":false},"author":39,"featured_media":328793,"comment_status":"closed","ping_status":"closed","sticky":false,"template":"","format":"standard","meta":{"footnotes":""},"categories":[597,456,16687,20724,7541],"tags":[],"class_list":["post-328792","post","type-post","status-publish","format-standard","has-post-thumbnail","","category-cinta-de-noticias","category-arabe-internacional-politica","category-internacionales","category-minuto-a-minuto","category-ultimas-noticias"],"_links":{"self":[{"href":"https:\/\/archive.sana.sy\/es\/index.php?rest_route=\/wp\/v2\/posts\/328792"}],"collection":[{"href":"https:\/\/archive.sana.sy\/es\/index.php?rest_route=\/wp\/v2\/posts"}],"about":[{"href":"https:\/\/archive.sana.sy\/es\/index.php?rest_route=\/wp\/v2\/types\/post"}],"author":[{"embeddable":true,"href":"https:\/\/archive.sana.sy\/es\/index.php?rest_route=\/wp\/v2\/users\/39"}],"replies":[{"embeddable":true,"href":"https:\/\/archive.sana.sy\/es\/index.php?rest_route=%2Fwp%2Fv2%2Fcomments&post=328792"}],"version-history":[{"count":1,"href":"https:\/\/archive.sana.sy\/es\/index.php?rest_route=\/wp\/v2\/posts\/328792\/revisions"}],"predecessor-version":[{"id":328794,"href":"https:\/\/archive.sana.sy\/es\/index.php?rest_route=\/wp\/v2\/posts\/328792\/revisions\/328794"}],"wp:featuredmedia":[{"embeddable":true,"href":"https:\/\/archive.sana.sy\/es\/index.php?rest_route=\/wp\/v2\/media\/328793"}],"wp:attachment":[{"href":"https:\/\/archive.sana.sy\/es\/index.php?rest_route=%2Fwp%2Fv2%2Fmedia&parent=328792"}],"wp:term":[{"taxonomy":"category","embeddable":true,"href":"https:\/\/archive.sana.sy\/es\/index.php?rest_route=%2Fwp%2Fv2%2Fcategories&post=328792"},{"taxonomy":"post_tag","embeddable":true,"href":"https:\/\/archive.sana.sy\/es\/index.php?rest_route=%2Fwp%2Fv2%2Ftags&post=328792"}],"curies":[{"name":"wp","href":"https:\/\/api.w.org\/{rel}","templated":true}]}}