{"id":32881,"date":"2015-11-04T17:33:39","date_gmt":"2015-11-04T15:33:39","guid":{"rendered":"http:\/\/sana.sy\/es\/?p=32881"},"modified":"2015-11-04T17:33:49","modified_gmt":"2015-11-04T15:33:49","slug":"ministro-de-educacion-sirio-debate-cooperacion-bilateral-con-directora-general-de-la-unesco","status":"publish","type":"post","link":"https:\/\/archive.sana.sy\/es\/?p=32881","title":{"rendered":"Ministro de Educaci\u00f3n sirio debate cooperaci\u00f3n bilateral con Directora General de la UNESCO"},"content":{"rendered":"<p><span style=\"color: #800000\">Par\u00eds, SANA<\/span><\/p>\n<p>El ministro de Educaci\u00f3n, Hazwan al-Wiz se reuni\u00f3 este mi\u00e9rcoles con Irina Bokova, directora general de la UNESCO al margen de la 38\u00aa reuni\u00f3n de la Conferencia General de esta organizaci\u00f3n internacional que se desarrolla en la capital francesa Par\u00eds.<\/p>\n<p>Al-Wiz, jefe del Comit\u00e9 Nacional de la UNESCO, inst\u00f3 a la UNESCO reforzar la cooperaci\u00f3n con Siria mediante abrir una oficina en Damasco.<\/p>\n<p>Asimismo hizo una panor\u00e1mica sobre los proyectos conjuntos entre varios\u00a0ministros sirios y la UNESCO, pidiendo a esta organizaci\u00f3n m\u00e1s apoyo para complementar a los proyectos\u00a0en desarrollo.<\/p>\n<p>El titular de Educaci\u00f3n se\u00f1al\u00f3 que las autoridades sirias trabajan en colaboraci\u00f3n con el Interpol para recuperar las piezas arqueol\u00f3gicas contrabandeadas fuera de Siria, expresando la voluntad de su ministerio de lanzar la iniciativa de la UNESCO \u201cUnidos por el Patrimonio\u201d a nivel nacional.<\/p>\n<p>Por otro lado, al-Wiz hizo una panor\u00e1mica sobre la situaci\u00f3n actual del proceso de educaci\u00f3n en Siria y los actos terroristas que sufre el sector educativo, los cuales causaron la salida de 5000 escuelas fuera del servicio, inform\u00f3.<\/p>\n<p>A su vez, Bokova asever\u00f3 que la UNESCO no escatimar\u00e1 esfuerzo para luchar contra el terrorismo, y proteger el patrimonio cultural y humanitario de los pa\u00edses miembros, alabando las\u00a0destacadas relaciones de su organizaci\u00f3n con Siria.<\/p>\n<p>Cabe destacar que las labores de la 38\u00aa reuni\u00f3n de la Organizaci\u00f3n de la ONU para la Educaci\u00f3n, la Ciencia y la Cultura (UNESCO) iniciaron ayer el martes en su sede en la capital francesa Par\u00eds y terminar\u00e1n el 18 de noviembre.<br \/>\nLynn A.<\/p>\n","protected":false},"excerpt":{"rendered":"<p>Par\u00eds, SANA El ministro de Educaci\u00f3n, Hazwan al-Wiz se reuni\u00f3 este mi\u00e9rcoles con Irina Bokova, directora general de la UNESCO al margen de la 38\u00aa reuni\u00f3n de la Conferencia General de esta organizaci\u00f3n internacional que se desarrolla en la capital francesa Par\u00eds. Al-Wiz, jefe del Comit\u00e9 Nacional de la UNESCO, inst\u00f3 a la UNESCO reforzar &hellip;<\/p>\n","protected":false},"author":24,"featured_media":32882,"comment_status":"closed","ping_status":"closed","sticky":false,"template":"","format":"standard","meta":{"footnotes":""},"categories":[456,457],"tags":[],"class_list":["post-32881","post","type-post","status-publish","format-standard","has-post-thumbnail","","category-arabe-internacional-politica","category-noticias-arabe-internacional-politica"],"_links":{"self":[{"href":"https:\/\/archive.sana.sy\/es\/index.php?rest_route=\/wp\/v2\/posts\/32881"}],"collection":[{"href":"https:\/\/archive.sana.sy\/es\/index.php?rest_route=\/wp\/v2\/posts"}],"about":[{"href":"https:\/\/archive.sana.sy\/es\/index.php?rest_route=\/wp\/v2\/types\/post"}],"author":[{"embeddable":true,"href":"https:\/\/archive.sana.sy\/es\/index.php?rest_route=\/wp\/v2\/users\/24"}],"replies":[{"embeddable":true,"href":"https:\/\/archive.sana.sy\/es\/index.php?rest_route=%2Fwp%2Fv2%2Fcomments&post=32881"}],"version-history":[{"count":0,"href":"https:\/\/archive.sana.sy\/es\/index.php?rest_route=\/wp\/v2\/posts\/32881\/revisions"}],"wp:featuredmedia":[{"embeddable":true,"href":"https:\/\/archive.sana.sy\/es\/index.php?rest_route=\/wp\/v2\/media\/32882"}],"wp:attachment":[{"href":"https:\/\/archive.sana.sy\/es\/index.php?rest_route=%2Fwp%2Fv2%2Fmedia&parent=32881"}],"wp:term":[{"taxonomy":"category","embeddable":true,"href":"https:\/\/archive.sana.sy\/es\/index.php?rest_route=%2Fwp%2Fv2%2Fcategories&post=32881"},{"taxonomy":"post_tag","embeddable":true,"href":"https:\/\/archive.sana.sy\/es\/index.php?rest_route=%2Fwp%2Fv2%2Ftags&post=32881"}],"curies":[{"name":"wp","href":"https:\/\/api.w.org\/{rel}","templated":true}]}}