{"id":328842,"date":"2024-05-10T19:02:57","date_gmt":"2024-05-10T16:02:57","guid":{"rendered":"https:\/\/sana.sy\/es\/?p=328842"},"modified":"2024-05-10T19:09:04","modified_gmt":"2024-05-10T16:09:04","slug":"autoridades-competentes-desmantelan-una-celula-terrorista-de-daesh-que-planeaba-atacar-a-civiles-en-provincia-de-sweida","status":"publish","type":"post","link":"https:\/\/archive.sana.sy\/es\/?p=328842","title":{"rendered":"Autoridades competentes desmantelan una c\u00e9lula terrorista de \u201cDaesh\u201d que planeaba atacar a civiles en provincia de Sweida"},"content":{"rendered":"<p style=\"text-align: justify;\"><span style=\"color: #800000;\"><strong>Sweida, 10 may (SANA)<\/strong><\/span>\u00a0 Las autoridades competentes en la provincia sure\u00f1a de Sweida desmantelaron una c\u00e9lula terrorista de \u201cDaesh\u201d que intentaba llevar a cabo una operaci\u00f3n terrorista contra civiles.<\/p>\n<p style=\"text-align: justify;\"><img loading=\"lazy\" decoding=\"async\" class=\"size-medium wp-image-328844 alignright\" src=\"http:\/\/sana.sy\/es\/wp-content\/uploads\/2024\/05\/Autoridades-competentes-desmantelan-una-celula-terrorista-de-Daesh-que-planeaba-atacar-a-civiles-en-provincia-de-Sweida0-300x194.jpeg\" alt=\"\" width=\"300\" height=\"194\" srcset=\"https:\/\/archive.sana.sy\/es\/wp-content\/uploads\/2024\/05\/Autoridades-competentes-desmantelan-una-celula-terrorista-de-Daesh-que-planeaba-atacar-a-civiles-en-provincia-de-Sweida0-300x194.jpeg 300w, https:\/\/archive.sana.sy\/es\/wp-content\/uploads\/2024\/05\/Autoridades-competentes-desmantelan-una-celula-terrorista-de-Daesh-que-planeaba-atacar-a-civiles-en-provincia-de-Sweida0-150x97.jpeg 150w, https:\/\/archive.sana.sy\/es\/wp-content\/uploads\/2024\/05\/Autoridades-competentes-desmantelan-una-celula-terrorista-de-Daesh-que-planeaba-atacar-a-civiles-en-provincia-de-Sweida0.jpeg 660w\" sizes=\"(max-width: 300px) 100vw, 300px\" \/><\/p>\n<p style=\"text-align: justify;\">El corresponsal de SANA en la referida provincia afirm\u00f3 que durante una operaci\u00f3n cualitativa en el barrio occidental de la ciudad, las autoridades competentes eliminaron a un terrorista que intent\u00f3 hacerse estallar con un cintur\u00f3n explosivo que llevaba y arrestaron a otro terrorista en posesi\u00f3n de otro cintur\u00f3n explosivo.<\/p>\n<p style=\"text-align: justify;\">Asimismo, se confiscaron varios rifles autom\u00e1ticos y municiones que estaban en posesi\u00f3n de los terroristas.<\/p>\n<p style=\"text-align: justify;\">sm<\/p>\n","protected":false},"excerpt":{"rendered":"<p>Sweida, 10 may (SANA)\u00a0 Las autoridades competentes en la provincia sure\u00f1a de Sweida desmantelaron una c\u00e9lula terrorista de \u201cDaesh\u201d que intentaba llevar a cabo una operaci\u00f3n terrorista contra civiles. El corresponsal de SANA en la referida provincia afirm\u00f3 que durante una operaci\u00f3n cualitativa en el barrio occidental de la ciudad, las autoridades competentes eliminaron a &hellip;<\/p>\n","protected":false},"author":39,"featured_media":328846,"comment_status":"closed","ping_status":"closed","sticky":false,"template":"","format":"standard","meta":{"footnotes":""},"categories":[477,597,573,476,7541],"tags":[],"class_list":["post-328842","post","type-post","status-publish","format-standard","has-post-thumbnail","","category-noticias-edulcorantes","category-cinta-de-noticias","category-la-realidad-de-los-acontecimientos-en-siria","category-locales","category-ultimas-noticias"],"_links":{"self":[{"href":"https:\/\/archive.sana.sy\/es\/index.php?rest_route=\/wp\/v2\/posts\/328842"}],"collection":[{"href":"https:\/\/archive.sana.sy\/es\/index.php?rest_route=\/wp\/v2\/posts"}],"about":[{"href":"https:\/\/archive.sana.sy\/es\/index.php?rest_route=\/wp\/v2\/types\/post"}],"author":[{"embeddable":true,"href":"https:\/\/archive.sana.sy\/es\/index.php?rest_route=\/wp\/v2\/users\/39"}],"replies":[{"embeddable":true,"href":"https:\/\/archive.sana.sy\/es\/index.php?rest_route=%2Fwp%2Fv2%2Fcomments&post=328842"}],"version-history":[{"count":1,"href":"https:\/\/archive.sana.sy\/es\/index.php?rest_route=\/wp\/v2\/posts\/328842\/revisions"}],"predecessor-version":[{"id":328845,"href":"https:\/\/archive.sana.sy\/es\/index.php?rest_route=\/wp\/v2\/posts\/328842\/revisions\/328845"}],"wp:featuredmedia":[{"embeddable":true,"href":"https:\/\/archive.sana.sy\/es\/index.php?rest_route=\/wp\/v2\/media\/328846"}],"wp:attachment":[{"href":"https:\/\/archive.sana.sy\/es\/index.php?rest_route=%2Fwp%2Fv2%2Fmedia&parent=328842"}],"wp:term":[{"taxonomy":"category","embeddable":true,"href":"https:\/\/archive.sana.sy\/es\/index.php?rest_route=%2Fwp%2Fv2%2Fcategories&post=328842"},{"taxonomy":"post_tag","embeddable":true,"href":"https:\/\/archive.sana.sy\/es\/index.php?rest_route=%2Fwp%2Fv2%2Ftags&post=328842"}],"curies":[{"name":"wp","href":"https:\/\/api.w.org\/{rel}","templated":true}]}}