{"id":328901,"date":"2024-05-11T16:46:41","date_gmt":"2024-05-11T13:46:41","guid":{"rendered":"https:\/\/sana.sy\/es\/?p=328901"},"modified":"2024-05-12T09:16:08","modified_gmt":"2024-05-12T06:16:08","slug":"28-muertos-y-69-heridos-por-recientes-bombardeos-israelies-contra-gaza","status":"publish","type":"post","link":"https:\/\/archive.sana.sy\/es\/?p=328901","title":{"rendered":"28 muertos y 69 heridos por recientes bombardeos israel\u00edes contra Gaza"},"content":{"rendered":"<p style=\"text-align: justify;\"><strong><span style=\"color: #800000;\">\u00a0Jerusal\u00e9n ocupada, 11 may (SANA)\u00a0<\/span><\/strong> Las fuerzas del ocupante israel\u00ed cometieron cuatro masacres en la Franja de Gaza durante las \u00faltimas 24 horas, que causaron la muerte de 28 palestinos y lesionaron a 69, inform\u00f3 hoy el Ministerio de Salud palestino.<\/p>\n<p style=\"text-align: justify;\">La cifra total de v\u00edctimas de la agresi\u00f3n desde el 7 de octubre pasado, aument\u00f3 a 34 mil 971 muertos y 78 mil 641 heridos, precis\u00f3 el ente de salud.<\/p>\n<p style=\"text-align: justify;\">Asimismo, miles de v\u00edctimas siguen bajo los escombros y en las carreteras, y los equipos de ambulancias y de defensa civil no pueden acceder a mismas.<\/p>\n<p style=\"text-align: justify;\">Por otro lado, fueron hallados los cuerpos de 80 muertos en tres fosas comunes en los patios del Complejo M\u00e9dico Shifa en la Franja de Gaza, adem\u00e1s de decenas de cad\u00e1veres en el interior del hospital.<\/p>\n<p style=\"text-align: justify;\">Tambi\u00e9n, siete palestinos fueron asesinados y otros sufrieron diversas heridas cuando los aviones de combate del ocupante atacaron varias casas en Jabalia, al norte de la Franja de Gaza.<\/p>\n<p style=\"text-align: justify;\">Mientras tanto, dos palestinos perdieron la vida y otros resultaron heridos en un bombardeo de aviones de ocupaci\u00f3n contra una casa en el barrio de Al-Sabra en la ciudad de Gaza.<\/p>\n<p>ed\/fm<\/p>\n","protected":false},"excerpt":{"rendered":"<p>\u00a0Jerusal\u00e9n ocupada, 11 may (SANA)\u00a0 Las fuerzas del ocupante israel\u00ed cometieron cuatro masacres en la Franja de Gaza durante las \u00faltimas 24 horas, que causaron la muerte de 28 palestinos y lesionaron a 69, inform\u00f3 hoy el Ministerio de Salud palestino. La cifra total de v\u00edctimas de la agresi\u00f3n desde el 7 de octubre pasado, &hellip;<\/p>\n","protected":false},"author":32,"featured_media":328902,"comment_status":"closed","ping_status":"closed","sticky":false,"template":"","format":"standard","meta":{"footnotes":""},"categories":[597,456,20724,583],"tags":[],"class_list":["post-328901","post","type-post","status-publish","format-standard","has-post-thumbnail","","category-cinta-de-noticias","category-arabe-internacional-politica","category-minuto-a-minuto","category-slide"],"_links":{"self":[{"href":"https:\/\/archive.sana.sy\/es\/index.php?rest_route=\/wp\/v2\/posts\/328901"}],"collection":[{"href":"https:\/\/archive.sana.sy\/es\/index.php?rest_route=\/wp\/v2\/posts"}],"about":[{"href":"https:\/\/archive.sana.sy\/es\/index.php?rest_route=\/wp\/v2\/types\/post"}],"author":[{"embeddable":true,"href":"https:\/\/archive.sana.sy\/es\/index.php?rest_route=\/wp\/v2\/users\/32"}],"replies":[{"embeddable":true,"href":"https:\/\/archive.sana.sy\/es\/index.php?rest_route=%2Fwp%2Fv2%2Fcomments&post=328901"}],"version-history":[{"count":2,"href":"https:\/\/archive.sana.sy\/es\/index.php?rest_route=\/wp\/v2\/posts\/328901\/revisions"}],"predecessor-version":[{"id":328918,"href":"https:\/\/archive.sana.sy\/es\/index.php?rest_route=\/wp\/v2\/posts\/328901\/revisions\/328918"}],"wp:featuredmedia":[{"embeddable":true,"href":"https:\/\/archive.sana.sy\/es\/index.php?rest_route=\/wp\/v2\/media\/328902"}],"wp:attachment":[{"href":"https:\/\/archive.sana.sy\/es\/index.php?rest_route=%2Fwp%2Fv2%2Fmedia&parent=328901"}],"wp:term":[{"taxonomy":"category","embeddable":true,"href":"https:\/\/archive.sana.sy\/es\/index.php?rest_route=%2Fwp%2Fv2%2Fcategories&post=328901"},{"taxonomy":"post_tag","embeddable":true,"href":"https:\/\/archive.sana.sy\/es\/index.php?rest_route=%2Fwp%2Fv2%2Ftags&post=328901"}],"curies":[{"name":"wp","href":"https:\/\/api.w.org\/{rel}","templated":true}]}}