{"id":328926,"date":"2024-05-12T12:26:44","date_gmt":"2024-05-12T09:26:44","guid":{"rendered":"https:\/\/sana.sy\/es\/?p=328926"},"modified":"2024-05-12T12:26:44","modified_gmt":"2024-05-12T09:26:44","slug":"canciller-sirio-recibe-a-una-delegacion-de-la-oms","status":"publish","type":"post","link":"https:\/\/archive.sana.sy\/es\/?p=328926","title":{"rendered":"Canciller sirio recibe a una delegaci\u00f3n de la OMS"},"content":{"rendered":"<p style=\"text-align: justify;\"><span style=\"color: #800000;\"><strong>Damasco, 12 may (SANA)<\/strong> <\/span>El ministro de Asuntos Exteriores y Expatriados, Faisal Al-Mekdad, recibi\u00f3 hoy en la sede de la Canciller\u00eda en esta capital, al director regional de la Organizaci\u00f3n Mundial de la Salud (OMS) para el Mediterr\u00e1neo Oriental, Hanan Balkhi, y la delegaci\u00f3n que le acompa\u00f1a\u2026<\/p>\n<p style=\"text-align: justify;\">fm\/ed<\/p>\n<p style=\"text-align: justify;\"><em><strong>Nota en desarrollo\u2026<\/strong><\/em><\/p>\n","protected":false},"excerpt":{"rendered":"<p>Damasco, 12 may (SANA) El ministro de Asuntos Exteriores y Expatriados, Faisal Al-Mekdad, recibi\u00f3 hoy en la sede de la Canciller\u00eda en esta capital, al director regional de la Organizaci\u00f3n Mundial de la Salud (OMS) para el Mediterr\u00e1neo Oriental, Hanan Balkhi, y la delegaci\u00f3n que le acompa\u00f1a\u2026 fm\/ed Nota en desarrollo\u2026<\/p>\n","protected":false},"author":32,"featured_media":328927,"comment_status":"closed","ping_status":"closed","sticky":false,"template":"","format":"standard","meta":{"footnotes":""},"categories":[477,597,20724,476,7541],"tags":[],"class_list":["post-328926","post","type-post","status-publish","format-standard","has-post-thumbnail","","category-noticias-edulcorantes","category-cinta-de-noticias","category-minuto-a-minuto","category-locales","category-ultimas-noticias"],"_links":{"self":[{"href":"https:\/\/archive.sana.sy\/es\/index.php?rest_route=\/wp\/v2\/posts\/328926"}],"collection":[{"href":"https:\/\/archive.sana.sy\/es\/index.php?rest_route=\/wp\/v2\/posts"}],"about":[{"href":"https:\/\/archive.sana.sy\/es\/index.php?rest_route=\/wp\/v2\/types\/post"}],"author":[{"embeddable":true,"href":"https:\/\/archive.sana.sy\/es\/index.php?rest_route=\/wp\/v2\/users\/32"}],"replies":[{"embeddable":true,"href":"https:\/\/archive.sana.sy\/es\/index.php?rest_route=%2Fwp%2Fv2%2Fcomments&post=328926"}],"version-history":[{"count":1,"href":"https:\/\/archive.sana.sy\/es\/index.php?rest_route=\/wp\/v2\/posts\/328926\/revisions"}],"predecessor-version":[{"id":328928,"href":"https:\/\/archive.sana.sy\/es\/index.php?rest_route=\/wp\/v2\/posts\/328926\/revisions\/328928"}],"wp:featuredmedia":[{"embeddable":true,"href":"https:\/\/archive.sana.sy\/es\/index.php?rest_route=\/wp\/v2\/media\/328927"}],"wp:attachment":[{"href":"https:\/\/archive.sana.sy\/es\/index.php?rest_route=%2Fwp%2Fv2%2Fmedia&parent=328926"}],"wp:term":[{"taxonomy":"category","embeddable":true,"href":"https:\/\/archive.sana.sy\/es\/index.php?rest_route=%2Fwp%2Fv2%2Fcategories&post=328926"},{"taxonomy":"post_tag","embeddable":true,"href":"https:\/\/archive.sana.sy\/es\/index.php?rest_route=%2Fwp%2Fv2%2Ftags&post=328926"}],"curies":[{"name":"wp","href":"https:\/\/api.w.org\/{rel}","templated":true}]}}