{"id":328964,"date":"2024-05-12T16:05:39","date_gmt":"2024-05-12T13:05:39","guid":{"rendered":"https:\/\/sana.sy\/es\/?p=328964"},"modified":"2024-05-12T18:58:31","modified_gmt":"2024-05-12T15:58:31","slug":"siria-e-iraq-firman-acuerdo-de-cooperacion-en-materia-de-seguridad","status":"publish","type":"post","link":"https:\/\/archive.sana.sy\/es\/?p=328964","title":{"rendered":"Siria e Iraq firman acuerdo de cooperaci\u00f3n en materia de seguridad"},"content":{"rendered":"<p style=\"text-align: justify;\"><span style=\"color: #800000;\"><strong>Bagdad, 12 may (SANA)<\/strong><\/span> El ministro sirio del Interior, Muhammad Al-Rahmoun, y su hom\u00f3logo iraqu\u00ed Abdul Amir al-Shammari, firmaron hoy en Bagdad, la capital iraqu\u00ed, un memorando de cooperaci\u00f3n conjunta en materia de seguridad.<\/p>\n<p style=\"text-align: justify;\">En una conferencia de prensa conjunta, el titular sirio afirm\u00f3 que sus conversaciones con la parte iraqu\u00ed abordaron la cooperaci\u00f3n en todos los campos, especialmente de seguridad.<\/p>\n<p style=\"text-align: justify;\">\u201cSufrimos del terrorismo y el tr\u00e1fico de drogas y personas, y el documento firmado abarca la colaboraci\u00f3n en estos campos y tambi\u00e9n en materia de seguridad\u201d, afirm\u00f3 el Ministro sirio.<\/p>\n<p style=\"text-align: justify;\">Revel\u00f3 que \u201cla cooperaci\u00f3n en el campo del control de drogas result\u00f3 en el desmantelamiento de varias redes y la incautaci\u00f3n de cantidades de sustancias narc\u00f3ticas\u201d.<\/p>\n<p style=\"text-align: justify;\"><img loading=\"lazy\" decoding=\"async\" class=\"size-medium wp-image-328990 alignleft\" src=\"http:\/\/sana.sy\/es\/wp-content\/uploads\/2024\/05\/Siria-iraq-2-300x200.jpg\" alt=\"\" width=\"300\" height=\"200\" srcset=\"https:\/\/archive.sana.sy\/es\/wp-content\/uploads\/2024\/05\/Siria-iraq-2-300x200.jpg 300w, https:\/\/archive.sana.sy\/es\/wp-content\/uploads\/2024\/05\/Siria-iraq-2-150x100.jpg 150w, https:\/\/archive.sana.sy\/es\/wp-content\/uploads\/2024\/05\/Siria-iraq-2.jpg 660w\" sizes=\"(max-width: 300px) 100vw, 300px\" \/>Dio a conocer que el 22 de julio pr\u00f3ximo, se celebrar\u00e1 una reuni\u00f3n en Bagdad para concretar una mayor cooperaci\u00f3n regional.<\/p>\n<p style=\"text-align: justify;\">Al-Rahmoun destac\u00f3 que \u201cIraq ha logrado grandes pasos en la eliminaci\u00f3n de las bandas criminales del Daesh, y explic\u00f3 que a\u00fan quedan focos de esta agrupaci\u00f3n terrorista en Siria que perpetran ataques de vez en cuando.<\/p>\n<p style=\"text-align: justify;\">Reiter\u00f3 la voluntad y decisi\u00f3n de Siria de eliminar el terrorismo por completo.<\/p>\n<p style=\"text-align: justify;\">En respuesta a una pregunta de la corresponsal de SANA en Bagdad, el Ministro dijo que \u201clos dos pa\u00edses hermanos sufren del fen\u00f3meno del terrorismo transfronterizo, el control de las fronteras internacionales, las organizaciones terroristas armadas y otros fen\u00f3menos criminales como el tr\u00e1fico de drogas y de personas, lavado de dinero, y el acuerdo firmado es para avanzar en la cooperaci\u00f3n bilateral en estos campos\u201d.<\/p>\n<p style=\"text-align: justify;\">A su vez, Al-Shammari explic\u00f3 que el memorando incluye una serie de art\u00edculos relacionados con la cooperaci\u00f3n en la lucha contra las drogas, el control de las fronteras internacionales, la extradici\u00f3n de personas buscadas, la lucha contra el crimen organizado y el blanqueo de dinero.<\/p>\n<p style=\"text-align: justify;\">La cooperaci\u00f3n en materia de inteligencia entre Iraq y Siria es buena, y existe una colaboraci\u00f3n conjunta en el trabajo e intercambio de informaci\u00f3n, agreg\u00f3.<\/p>\n<p style=\"text-align: justify;\">fm\/as<\/p>\n","protected":false},"excerpt":{"rendered":"<p>Bagdad, 12 may (SANA) El ministro sirio del Interior, Muhammad Al-Rahmoun, y su hom\u00f3logo iraqu\u00ed Abdul Amir al-Shammari, firmaron hoy en Bagdad, la capital iraqu\u00ed, un memorando de cooperaci\u00f3n conjunta en materia de seguridad. En una conferencia de prensa conjunta, el titular sirio afirm\u00f3 que sus conversaciones con la parte iraqu\u00ed abordaron la cooperaci\u00f3n en &hellip;<\/p>\n","protected":false},"author":42,"featured_media":328988,"comment_status":"closed","ping_status":"closed","sticky":false,"template":"","format":"standard","meta":{"footnotes":""},"categories":[597,20724,467,583],"tags":[5835,6553],"class_list":["post-328964","post","type-post","status-publish","format-standard","has-post-thumbnail","","category-cinta-de-noticias","category-minuto-a-minuto","category-siria-y-el-mundo","category-slide","tag-iraq","tag-siria"],"_links":{"self":[{"href":"https:\/\/archive.sana.sy\/es\/index.php?rest_route=\/wp\/v2\/posts\/328964"}],"collection":[{"href":"https:\/\/archive.sana.sy\/es\/index.php?rest_route=\/wp\/v2\/posts"}],"about":[{"href":"https:\/\/archive.sana.sy\/es\/index.php?rest_route=\/wp\/v2\/types\/post"}],"author":[{"embeddable":true,"href":"https:\/\/archive.sana.sy\/es\/index.php?rest_route=\/wp\/v2\/users\/42"}],"replies":[{"embeddable":true,"href":"https:\/\/archive.sana.sy\/es\/index.php?rest_route=%2Fwp%2Fv2%2Fcomments&post=328964"}],"version-history":[{"count":4,"href":"https:\/\/archive.sana.sy\/es\/index.php?rest_route=\/wp\/v2\/posts\/328964\/revisions"}],"predecessor-version":[{"id":328991,"href":"https:\/\/archive.sana.sy\/es\/index.php?rest_route=\/wp\/v2\/posts\/328964\/revisions\/328991"}],"wp:featuredmedia":[{"embeddable":true,"href":"https:\/\/archive.sana.sy\/es\/index.php?rest_route=\/wp\/v2\/media\/328988"}],"wp:attachment":[{"href":"https:\/\/archive.sana.sy\/es\/index.php?rest_route=%2Fwp%2Fv2%2Fmedia&parent=328964"}],"wp:term":[{"taxonomy":"category","embeddable":true,"href":"https:\/\/archive.sana.sy\/es\/index.php?rest_route=%2Fwp%2Fv2%2Fcategories&post=328964"},{"taxonomy":"post_tag","embeddable":true,"href":"https:\/\/archive.sana.sy\/es\/index.php?rest_route=%2Fwp%2Fv2%2Ftags&post=328964"}],"curies":[{"name":"wp","href":"https:\/\/api.w.org\/{rel}","templated":true}]}}