{"id":328968,"date":"2024-05-12T16:25:19","date_gmt":"2024-05-12T13:25:19","guid":{"rendered":"https:\/\/sana.sy\/es\/?p=328968"},"modified":"2024-05-12T17:09:53","modified_gmt":"2024-05-12T14:09:53","slug":"328968","status":"publish","type":"post","link":"https:\/\/archive.sana.sy\/es\/?p=328968","title":{"rendered":"Supera los 35000 la cifra de palestinos asesinados por Israel en Gaza"},"content":{"rendered":"<p style=\"text-align: justify;\"><span style=\"color: #800000;\"><strong>Jerusal\u00e9n ocupada, 12 may (SANA)<\/strong> <\/span>El Ministerio de Salud palestino inform\u00f3 hoy que durante las \u00faltimas 24 horas, el ocupante israel\u00ed cometi\u00f3 8 masacres en la Franja de Gaza, que saldaron en la muerte de 63 palestinos mientras otros 114 resultaron heridos.<\/p>\n<p style=\"text-align: justify;\">De acuerdo con la informaci\u00f3n ofrecida por el ente castrense, el n\u00famero total de v\u00edctimas durante 219 d\u00edas de agresi\u00f3n israel\u00ed en Gaza aument\u00f3 a 35 mil 34 muertos y 78 mil 755 heridos.<\/p>\n<p style=\"text-align: justify;\">Miles de v\u00edctimas siguen bajo los escombros y en las carreteras, y los equipos de ambulancias y de defensa civil no pueden acceder a las mismas.<\/p>\n<p style=\"text-align: justify;\">Durante el d\u00eda de hoy, varios palestinos perdieron la vida y otros resultaron heridos, inform\u00f3 la agencia Wafa.<\/p>\n<p style=\"text-align: justify;\">Seg\u00fan el medio, los aviones de combate israel\u00edes bombardearon una casa al noroeste de la ciudad de Rafah, al sur de Gaza, matando a 9 palestinos e hiriendo a otros.<\/p>\n<p style=\"text-align: justify;\">Asimismo, la artiller\u00eda israel\u00ed bombarde\u00f3 el barrio de Al-Zaytoun, al sureste de la ciudad de Gaza, y Deir Al-Balah en el centro, dejando a 8 palestinos muertos.<\/p>\n<p style=\"text-align: justify;\">fm\/as<\/p>\n","protected":false},"excerpt":{"rendered":"<p>Jerusal\u00e9n ocupada, 12 may (SANA) El Ministerio de Salud palestino inform\u00f3 hoy que durante las \u00faltimas 24 horas, el ocupante israel\u00ed cometi\u00f3 8 masacres en la Franja de Gaza, que saldaron en la muerte de 63 palestinos mientras otros 114 resultaron heridos. De acuerdo con la informaci\u00f3n ofrecida por el ente castrense, el n\u00famero total &hellip;<\/p>\n","protected":false},"author":42,"featured_media":328969,"comment_status":"closed","ping_status":"closed","sticky":false,"template":"","format":"standard","meta":{"footnotes":""},"categories":[597,456,16687,20724,583],"tags":[],"class_list":["post-328968","post","type-post","status-publish","format-standard","has-post-thumbnail","","category-cinta-de-noticias","category-arabe-internacional-politica","category-internacionales","category-minuto-a-minuto","category-slide"],"_links":{"self":[{"href":"https:\/\/archive.sana.sy\/es\/index.php?rest_route=\/wp\/v2\/posts\/328968"}],"collection":[{"href":"https:\/\/archive.sana.sy\/es\/index.php?rest_route=\/wp\/v2\/posts"}],"about":[{"href":"https:\/\/archive.sana.sy\/es\/index.php?rest_route=\/wp\/v2\/types\/post"}],"author":[{"embeddable":true,"href":"https:\/\/archive.sana.sy\/es\/index.php?rest_route=\/wp\/v2\/users\/42"}],"replies":[{"embeddable":true,"href":"https:\/\/archive.sana.sy\/es\/index.php?rest_route=%2Fwp%2Fv2%2Fcomments&post=328968"}],"version-history":[{"count":3,"href":"https:\/\/archive.sana.sy\/es\/index.php?rest_route=\/wp\/v2\/posts\/328968\/revisions"}],"predecessor-version":[{"id":328973,"href":"https:\/\/archive.sana.sy\/es\/index.php?rest_route=\/wp\/v2\/posts\/328968\/revisions\/328973"}],"wp:featuredmedia":[{"embeddable":true,"href":"https:\/\/archive.sana.sy\/es\/index.php?rest_route=\/wp\/v2\/media\/328969"}],"wp:attachment":[{"href":"https:\/\/archive.sana.sy\/es\/index.php?rest_route=%2Fwp%2Fv2%2Fmedia&parent=328968"}],"wp:term":[{"taxonomy":"category","embeddable":true,"href":"https:\/\/archive.sana.sy\/es\/index.php?rest_route=%2Fwp%2Fv2%2Fcategories&post=328968"},{"taxonomy":"post_tag","embeddable":true,"href":"https:\/\/archive.sana.sy\/es\/index.php?rest_route=%2Fwp%2Fv2%2Ftags&post=328968"}],"curies":[{"name":"wp","href":"https:\/\/api.w.org\/{rel}","templated":true}]}}