{"id":328971,"date":"2024-05-12T17:14:12","date_gmt":"2024-05-12T14:14:12","guid":{"rendered":"https:\/\/sana.sy\/es\/?p=328971"},"modified":"2024-05-12T17:14:12","modified_gmt":"2024-05-12T14:14:12","slug":"siria-llama-a-crear-empresas-conjuntas-que-logren-la-seguridad-alimentaria-de-los-paises-arabes","status":"publish","type":"post","link":"https:\/\/archive.sana.sy\/es\/?p=328971","title":{"rendered":"Siria llama a crear empresas conjuntas que logren la seguridad alimentaria de los pa\u00edses \u00e1rabes"},"content":{"rendered":"<p style=\"text-align: justify;\"><span style=\"color: #800000;\"><strong>Manama, 12 may (SANA)\u00a0<\/strong> \u00a0<\/span>La reuni\u00f3n ministerial del Consejo Econ\u00f3mico y Social de la Liga \u00c1rabe inici\u00f3 hoy en Manama, la capital de Bahr\u00e9in.<\/p>\n<p style=\"text-align: justify;\">Dicha reuni\u00f3n se efect\u00faa en el marco de los preparativos para la Cumbre \u00c1rabe prevista su celebraci\u00f3n para el pr\u00f3ximo 16 de mayo.<\/p>\n<p style=\"text-align: justify;\">El ministro de Econom\u00eda y Comercio Exterior, Muhammad Samer Al-Khalil, afirm\u00f3 que &#8220;el mundo \u00e1rabe enfrenta grandes desaf\u00edos que exigen empe\u00f1o y perseverancia para avanzar en las econom\u00edas de nuestros pa\u00edses y seguir caminos de desarrollo que alivien las crisis de los pueblos \u00e1rabes.&#8221;<\/p>\n<p style=\"text-align: justify;\">Destac\u00f3 la importancia de vincular los ejes de la acci\u00f3n econ\u00f3mica \u00e1rabe conjunta, ya sea en lo que respecta a los esfuerzos para liberalizar el comercio intrarregional o el desarrollo de las disposiciones de la Gran \u00c1rea \u00c1rabe de Libre Comercio, adem\u00e1s de la preparaci\u00f3n para el lanzamiento del Observatorio \u00c1rabe del Comercio.<\/p>\n<p style=\"text-align: justify;\">El Titular sirio se\u00f1al\u00f3 la necesidad de tratar los factores que han afectado negativamente las cadenas de suministro de bienes y servicios, lo que requiere una investigaci\u00f3n conjunta sobre las formas de abordar cualquier riesgo existente o potencial en t\u00e9rminos de seguridad alimentaria.<\/p>\n<p style=\"text-align: justify;\">El jefe de la delegaci\u00f3n siria present\u00f3 una propuesta para que la Secretar\u00eda General de la Liga de los Estados \u00c1rabes elabore un estudio sobre las oportunidades de integraci\u00f3n econ\u00f3mica \u00e1rabe, especialmente en las \u00e1reas de fabricaci\u00f3n de alimentos, dadas las capacidades que posee cada pa\u00eds, adem\u00e1s de establecer empresas conjuntas que contribuyan a lograr la seguridad alimentaria para todos los pa\u00edses.<\/p>\n<p style=\"text-align: justify;\">Destac\u00f3 la importancia del mecanismo propuesto para vincular a los bancos y las instituciones de desarrollo social, ya que tiene como objetivo activar la contribuci\u00f3n de las instituciones \u00e1rabes de financiaci\u00f3n social para lograr el empoderamiento econ\u00f3mico y social.<\/p>\n<p style=\"text-align: justify;\">Expres\u00f3 el inter\u00e9s de la Rep\u00fablica \u00c1rabe Siria de acoger la Feria Comercial para los pa\u00edses de la Gran Zona \u00c1rabe de Libre Comercio en su primera edici\u00f3n, y propuso organizarla para que sea una plataforma para que las empresas p\u00fablicas y privadas muestren sus productos de una manera que mejore las oportunidades de integraci\u00f3n econ\u00f3mica entre los pa\u00edses \u00e1rabes.<\/p>\n<p style=\"text-align: justify;\">fm\/rr<\/p>\n","protected":false},"excerpt":{"rendered":"<p>Manama, 12 may (SANA)\u00a0 \u00a0La reuni\u00f3n ministerial del Consejo Econ\u00f3mico y Social de la Liga \u00c1rabe inici\u00f3 hoy en Manama, la capital de Bahr\u00e9in. Dicha reuni\u00f3n se efect\u00faa en el marco de los preparativos para la Cumbre \u00c1rabe prevista su celebraci\u00f3n para el pr\u00f3ximo 16 de mayo. El ministro de Econom\u00eda y Comercio Exterior, Muhammad &hellip;<\/p>\n","protected":false},"author":31,"featured_media":328974,"comment_status":"closed","ping_status":"closed","sticky":false,"template":"","format":"standard","meta":{"footnotes":""},"categories":[597,467,7541],"tags":[22027,6553],"class_list":["post-328971","post","type-post","status-publish","format-standard","has-post-thumbnail","","category-cinta-de-noticias","category-siria-y-el-mundo","category-ultimas-noticias","tag-liga-arabe","tag-siria"],"_links":{"self":[{"href":"https:\/\/archive.sana.sy\/es\/index.php?rest_route=\/wp\/v2\/posts\/328971"}],"collection":[{"href":"https:\/\/archive.sana.sy\/es\/index.php?rest_route=\/wp\/v2\/posts"}],"about":[{"href":"https:\/\/archive.sana.sy\/es\/index.php?rest_route=\/wp\/v2\/types\/post"}],"author":[{"embeddable":true,"href":"https:\/\/archive.sana.sy\/es\/index.php?rest_route=\/wp\/v2\/users\/31"}],"replies":[{"embeddable":true,"href":"https:\/\/archive.sana.sy\/es\/index.php?rest_route=%2Fwp%2Fv2%2Fcomments&post=328971"}],"version-history":[{"count":1,"href":"https:\/\/archive.sana.sy\/es\/index.php?rest_route=\/wp\/v2\/posts\/328971\/revisions"}],"predecessor-version":[{"id":328975,"href":"https:\/\/archive.sana.sy\/es\/index.php?rest_route=\/wp\/v2\/posts\/328971\/revisions\/328975"}],"wp:featuredmedia":[{"embeddable":true,"href":"https:\/\/archive.sana.sy\/es\/index.php?rest_route=\/wp\/v2\/media\/328974"}],"wp:attachment":[{"href":"https:\/\/archive.sana.sy\/es\/index.php?rest_route=%2Fwp%2Fv2%2Fmedia&parent=328971"}],"wp:term":[{"taxonomy":"category","embeddable":true,"href":"https:\/\/archive.sana.sy\/es\/index.php?rest_route=%2Fwp%2Fv2%2Fcategories&post=328971"},{"taxonomy":"post_tag","embeddable":true,"href":"https:\/\/archive.sana.sy\/es\/index.php?rest_route=%2Fwp%2Fv2%2Ftags&post=328971"}],"curies":[{"name":"wp","href":"https:\/\/api.w.org\/{rel}","templated":true}]}}