{"id":329051,"date":"2024-05-13T15:05:22","date_gmt":"2024-05-13T12:05:22","guid":{"rendered":"https:\/\/sana.sy\/es\/?p=329051"},"modified":"2024-05-13T15:05:22","modified_gmt":"2024-05-13T12:05:22","slug":"siria-y-la-organizacion-mundial-de-la-salud-examinan-programas-de-cooperacion","status":"publish","type":"post","link":"https:\/\/archive.sana.sy\/es\/?p=329051","title":{"rendered":"Siria y la Organizaci\u00f3n Mundial de la Salud examinan programas de cooperaci\u00f3n"},"content":{"rendered":"<p style=\"text-align: justify;\"><span style=\"color: #800000;\"><strong>Damasco, 13 may (SANA)<\/strong> <\/span>El primer ministro sirio Hussein Arnous recibi\u00f3 hoy a la directora regional de la Organizaci\u00f3n Mundial de la Salud (OMS) para el Mediterr\u00e1neo Oriental, Hanan Balkhi, con quien abord\u00f3 las v\u00edas de mejorar la cooperaci\u00f3n en aras de responder a las necesidades del sector de la salud.<\/p>\n<p style=\"text-align: justify;\">Las dos partes analizaron tambi\u00e9n los programas de cooperaci\u00f3n conjunta, capacitaci\u00f3n y calificaci\u00f3n del personal m\u00e9dico y la transferencia de experiencia y tecnolog\u00edas a los cuadros del Ministerio de Salud.<\/p>\n<p style=\"text-align: justify;\">Arnous dijo que el sistema de salud se est\u00e1 recuperando gradualmente y podr\u00e1 superar las dificultades que enfrenta en cooperaci\u00f3n con la OMS y todos los socios.<\/p>\n<p style=\"text-align: justify;\">Destac\u00f3 el apoyo que el gobierno presta al sector de la sanidad a trav\u00e9s de la rehabilitaci\u00f3n de hospitales y centros de salud, y el apoyo a las f\u00e1bricas farmac\u00e9uticas para continuar la producci\u00f3n y satisfacer las necesidades del mercado local, adem\u00e1s de la toma de un conjunto de decisiones respecto del personal m\u00e9dico y de salud con el objetivo de motivarlo.<\/p>\n<p style=\"text-align: justify;\">El Primer Ministro agradeci\u00f3 los esfuerzos de la Organizaci\u00f3n, que ha mostrado una gran cooperaci\u00f3n con el Estado sirio, ya sea en la lucha contra la pandemia de la Covid-19 o durante la etapa posterior al terremoto.<\/p>\n<p style=\"text-align: justify;\">El jefe del ejecutivo consider\u00f3 que la misi\u00f3n del sector salud es moral y humanitaria y habl\u00f3 de los esfuerzos gubernamentales para suplir la escasez de dispositivos avanzados como tomograf\u00edas computarizadas, resonancias magn\u00e9ticas y medicamentos contra el c\u00e1ncer.<\/p>\n<p style=\"text-align: justify;\">Por su parte, Balkhi explic\u00f3 los planes y programas de la Organizaci\u00f3n en la regi\u00f3n de Medio Oriente, que se centran en la cooperaci\u00f3n cient\u00edfica, la capacitaci\u00f3n y la automatizaci\u00f3n que ayuda a desarrollar el trabajo y brindar a los m\u00e9dicos conocimientos cient\u00edficos y experiencia.<\/p>\n<p style=\"text-align: justify;\">Habl\u00f3 tambi\u00e9n de los programas para la obtenc\u00f3n de paquetes de tratamientos, fortalecer los sistemas de atenci\u00f3n de salud y encontrar soluciones a los desaf\u00edos que enfrenta la situaci\u00f3n sanitaria.<\/p>\n<p style=\"text-align: justify;\">fm\/as<\/p>\n","protected":false},"excerpt":{"rendered":"<p>Damasco, 13 may (SANA) El primer ministro sirio Hussein Arnous recibi\u00f3 hoy a la directora regional de la Organizaci\u00f3n Mundial de la Salud (OMS) para el Mediterr\u00e1neo Oriental, Hanan Balkhi, con quien abord\u00f3 las v\u00edas de mejorar la cooperaci\u00f3n en aras de responder a las necesidades del sector de la salud. Las dos partes analizaron &hellip;<\/p>\n","protected":false},"author":42,"featured_media":329052,"comment_status":"closed","ping_status":"closed","sticky":false,"template":"","format":"standard","meta":{"footnotes":""},"categories":[597,20724,476,16688,583],"tags":[],"class_list":["post-329051","post","type-post","status-publish","format-standard","has-post-thumbnail","","category-cinta-de-noticias","category-minuto-a-minuto","category-locales","category-nacionales","category-slide"],"_links":{"self":[{"href":"https:\/\/archive.sana.sy\/es\/index.php?rest_route=\/wp\/v2\/posts\/329051"}],"collection":[{"href":"https:\/\/archive.sana.sy\/es\/index.php?rest_route=\/wp\/v2\/posts"}],"about":[{"href":"https:\/\/archive.sana.sy\/es\/index.php?rest_route=\/wp\/v2\/types\/post"}],"author":[{"embeddable":true,"href":"https:\/\/archive.sana.sy\/es\/index.php?rest_route=\/wp\/v2\/users\/42"}],"replies":[{"embeddable":true,"href":"https:\/\/archive.sana.sy\/es\/index.php?rest_route=%2Fwp%2Fv2%2Fcomments&post=329051"}],"version-history":[{"count":1,"href":"https:\/\/archive.sana.sy\/es\/index.php?rest_route=\/wp\/v2\/posts\/329051\/revisions"}],"predecessor-version":[{"id":329053,"href":"https:\/\/archive.sana.sy\/es\/index.php?rest_route=\/wp\/v2\/posts\/329051\/revisions\/329053"}],"wp:featuredmedia":[{"embeddable":true,"href":"https:\/\/archive.sana.sy\/es\/index.php?rest_route=\/wp\/v2\/media\/329052"}],"wp:attachment":[{"href":"https:\/\/archive.sana.sy\/es\/index.php?rest_route=%2Fwp%2Fv2%2Fmedia&parent=329051"}],"wp:term":[{"taxonomy":"category","embeddable":true,"href":"https:\/\/archive.sana.sy\/es\/index.php?rest_route=%2Fwp%2Fv2%2Fcategories&post=329051"},{"taxonomy":"post_tag","embeddable":true,"href":"https:\/\/archive.sana.sy\/es\/index.php?rest_route=%2Fwp%2Fv2%2Ftags&post=329051"}],"curies":[{"name":"wp","href":"https:\/\/api.w.org\/{rel}","templated":true}]}}