{"id":329110,"date":"2024-05-14T05:43:02","date_gmt":"2024-05-14T02:43:02","guid":{"rendered":"https:\/\/sana.sy\/es\/?p=329110"},"modified":"2024-05-14T05:52:54","modified_gmt":"2024-05-14T02:52:54","slug":"cancilleres-de-siria-y-jordania-repasan-relaciones-bilaterales-y-esfuerzos-para-una-solucion-politica-a-la-crisis-en-siria","status":"publish","type":"post","link":"https:\/\/archive.sana.sy\/es\/?p=329110","title":{"rendered":"Cancilleres de Siria y Jordania repasan relaciones bilaterales y esfuerzos para una soluci\u00f3n pol\u00edtica a la crisis en Siria"},"content":{"rendered":"<p style=\"text-align: justify;\"><span style=\"color: #800000;\"><strong>Manama, 14 may (SANA)<\/strong><\/span> El ministro de Asuntos Exteriores y Expatriados, Faisal Al-Mekdad, examin\u00f3 hoy su hom\u00f3logo jordano Ayman Al-Safadi, los esfuerzos destinados a alcanzar una soluci\u00f3n pol\u00edtica a la crisis en Siria que preserve su unidad e integridad territorial, respete su soberan\u00eda, elimine al terrorismo y asegure condiciones para el regreso digno y voluntario de los refugiados sirios.<\/p>\n<p style=\"text-align: justify;\">Esta reuni\u00f3n tuvo lugar en Manama, la capital de Bahr\u00e9in, en el marco de la reuni\u00f3n preparatoria de los ministros de Asuntos Exteriores \u00e1rabes para el Consejo de la Liga \u00c1rabe que se celebrar\u00e1 el pr\u00f3ximo d\u00eda 16 a nivel de cumbre.<\/p>\n<p style=\"text-align: justify;\">Los dos ministros subrayaron la importancia del papel del Comit\u00e9 de Enlace Ministerial \u00c1rabe encargado del tema de Siria para dar impulso a los esfuerzos realizados en el contexto de la v\u00eda \u00e1rabe para alcanzar soluci\u00f3n a la guerra en Siria.<\/p>\n<p style=\"text-align: justify;\">Asimismo, valoraron un grupo de temas bilaterales, incluida la seguridad fronteriza y la lucha contra el contrabando de drogas. En este sentido, revisaron los resultados de los contactos realizadas por las autoridades pertinentes de los dos pa\u00edses para detener las operaciones de narcotr\u00e1fico y eliminar el peligro que representan.<\/p>\n<p style=\"text-align: justify;\">Los dos ministros afirmaron el deseo mutuo de continuar las consultas, la coordinaci\u00f3n y desarrollar relaciones de cooperaci\u00f3n, lo que repercutir\u00e1 positivamente en los dos pa\u00edses hermanos.<\/p>\n<p style=\"text-align: justify;\">Durante la reuni\u00f3n, se abordaron los esfuerzos en curso para detener la agresi\u00f3n israel\u00ed contra el pueblo palestino y sus desastrosas repercusiones humanitarias.<\/p>\n<p style=\"text-align: justify;\">Tambi\u00e9n analizaron la agenda de la reuni\u00f3n de cancilleres \u00e1rabes y las v\u00edas de mejorar la coordinaci\u00f3n y la cooperaci\u00f3n con respecto a cuestiones prioritarias, en particular la cuesti\u00f3n palestina, y el logro de la seguridad y la estabilidad en la regi\u00f3n.<\/p>\n<p style=\"text-align: justify;\">fm<\/p>\n","protected":false},"excerpt":{"rendered":"<p>Manama, 14 may (SANA) El ministro de Asuntos Exteriores y Expatriados, Faisal Al-Mekdad, examin\u00f3 hoy su hom\u00f3logo jordano Ayman Al-Safadi, los esfuerzos destinados a alcanzar una soluci\u00f3n pol\u00edtica a la crisis en Siria que preserve su unidad e integridad territorial, respete su soberan\u00eda, elimine al terrorismo y asegure condiciones para el regreso digno y voluntario &hellip;<\/p>\n","protected":false},"author":34,"featured_media":329111,"comment_status":"closed","ping_status":"closed","sticky":false,"template":"","format":"standard","meta":{"footnotes":""},"categories":[477,597,20724,467,583],"tags":[],"class_list":["post-329110","post","type-post","status-publish","format-standard","has-post-thumbnail","","category-noticias-edulcorantes","category-cinta-de-noticias","category-minuto-a-minuto","category-siria-y-el-mundo","category-slide"],"_links":{"self":[{"href":"https:\/\/archive.sana.sy\/es\/index.php?rest_route=\/wp\/v2\/posts\/329110"}],"collection":[{"href":"https:\/\/archive.sana.sy\/es\/index.php?rest_route=\/wp\/v2\/posts"}],"about":[{"href":"https:\/\/archive.sana.sy\/es\/index.php?rest_route=\/wp\/v2\/types\/post"}],"author":[{"embeddable":true,"href":"https:\/\/archive.sana.sy\/es\/index.php?rest_route=\/wp\/v2\/users\/34"}],"replies":[{"embeddable":true,"href":"https:\/\/archive.sana.sy\/es\/index.php?rest_route=%2Fwp%2Fv2%2Fcomments&post=329110"}],"version-history":[{"count":1,"href":"https:\/\/archive.sana.sy\/es\/index.php?rest_route=\/wp\/v2\/posts\/329110\/revisions"}],"predecessor-version":[{"id":329112,"href":"https:\/\/archive.sana.sy\/es\/index.php?rest_route=\/wp\/v2\/posts\/329110\/revisions\/329112"}],"wp:featuredmedia":[{"embeddable":true,"href":"https:\/\/archive.sana.sy\/es\/index.php?rest_route=\/wp\/v2\/media\/329111"}],"wp:attachment":[{"href":"https:\/\/archive.sana.sy\/es\/index.php?rest_route=%2Fwp%2Fv2%2Fmedia&parent=329110"}],"wp:term":[{"taxonomy":"category","embeddable":true,"href":"https:\/\/archive.sana.sy\/es\/index.php?rest_route=%2Fwp%2Fv2%2Fcategories&post=329110"},{"taxonomy":"post_tag","embeddable":true,"href":"https:\/\/archive.sana.sy\/es\/index.php?rest_route=%2Fwp%2Fv2%2Ftags&post=329110"}],"curies":[{"name":"wp","href":"https:\/\/api.w.org\/{rel}","templated":true}]}}