{"id":329121,"date":"2024-05-14T11:39:27","date_gmt":"2024-05-14T08:39:27","guid":{"rendered":"https:\/\/sana.sy\/es\/?p=329121"},"modified":"2024-05-14T11:47:46","modified_gmt":"2024-05-14T08:47:46","slug":"cancilleres-de-siria-y-libano-sostienen-conversaciones-foto","status":"publish","type":"post","link":"https:\/\/archive.sana.sy\/es\/?p=329121","title":{"rendered":"Cancilleres de Siria y L\u00edbano sostienen conversaciones (+ foto)"},"content":{"rendered":"<p style=\"text-align: justify;\"><span style=\"color: #800000;\"><strong>Manama, 14 may (SANA)<\/strong><\/span> El ministro de Asuntos Exteriores y Expatriados, Faisal Al-Mekdad, sostiene un encuentro con su hom\u00f3logo liban\u00e9s, Abdullah Bu Habib.<\/p>\n<p style=\"text-align: justify;\">Esta reuni\u00f3n tuvo lugar en Manama, la capital de Bahr\u00e9in, en el marco de la reuni\u00f3n preparatoria de los ministros de Asuntos Exteriores \u00e1rabes para el Consejo de la Liga \u00c1rabe que se celebrar\u00e1 el pr\u00f3ximo d\u00eda 16 a nivel de cumbre.<\/p>\n<p style=\"text-align: justify;\">Los dos ministros valoraron la evoluci\u00f3n de la situaci\u00f3n en los territorios palestinos ocupados, los efectos desastrosos de la agresi\u00f3n israel\u00ed sobre el pueblo palestino y los esfuerzos realizados para detener el genocidio.<\/p>\n<p style=\"text-align: justify;\">Tambi\u00e9n, revisaron los temas que figuran en la agenda de la reuni\u00f3n de Ministros de Relaciones Exteriores \u00c1rabes y sus prioridades, la m\u00e1s importante de las cuales es fortalecer la acci\u00f3n \u00e1rabe conjunta en diversos campos.<\/p>\n<p style=\"text-align: justify;\">Los dos cancilleres abordaron el trabajo del Comit\u00e9 Ministerial \u00c1rabe sobre Siria y la importancia de su papel para que llegar a una soluci\u00f3n que respete la soberan\u00eda, unidad e integridad territorial de Siria y contribuya a proporcionar condiciones favorables para el regreso digno de los refugiados sirios a su pa\u00eds.<\/p>\n<p style=\"text-align: justify;\">Los dos ministros tambi\u00e9n analizaron las relaciones bilaterales y temas de inter\u00e9s com\u00fan, con enfoque en la importancia de continuar la cooperaci\u00f3n y coordinaci\u00f3n entre los dos pa\u00edses.<\/p>\n<div id='gallery-1' class='gallery galleryid-329121 gallery-columns-1 gallery-size-full'><figure class='gallery-item'>\n\t\t\t<div class='gallery-icon landscape'>\n\t\t\t\t<a href='https:\/\/archive.sana.sy\/es\/wp-content\/uploads\/2024\/05\/photo_2024-05-14_11-02-19.jpg'><img loading=\"lazy\" decoding=\"async\" width=\"1280\" height=\"603\" src=\"https:\/\/archive.sana.sy\/es\/wp-content\/uploads\/2024\/05\/photo_2024-05-14_11-02-19.jpg\" class=\"attachment-full size-full\" alt=\"\" srcset=\"https:\/\/archive.sana.sy\/es\/wp-content\/uploads\/2024\/05\/photo_2024-05-14_11-02-19.jpg 1280w, https:\/\/archive.sana.sy\/es\/wp-content\/uploads\/2024\/05\/photo_2024-05-14_11-02-19-300x141.jpg 300w, https:\/\/archive.sana.sy\/es\/wp-content\/uploads\/2024\/05\/photo_2024-05-14_11-02-19-1024x482.jpg 1024w, https:\/\/archive.sana.sy\/es\/wp-content\/uploads\/2024\/05\/photo_2024-05-14_11-02-19-150x71.jpg 150w, https:\/\/archive.sana.sy\/es\/wp-content\/uploads\/2024\/05\/photo_2024-05-14_11-02-19-768x362.jpg 768w\" sizes=\"(max-width: 1280px) 100vw, 1280px\" \/><\/a>\n\t\t\t<\/div><\/figure>\n\t\t<\/div>\n\n<p style=\"text-align: justify;\"><strong>fm\/ws<\/strong><\/p>\n","protected":false},"excerpt":{"rendered":"<p>Manama, 14 may (SANA) El ministro de Asuntos Exteriores y Expatriados, Faisal Al-Mekdad, sostiene un encuentro con su hom\u00f3logo liban\u00e9s, Abdullah Bu Habib. Esta reuni\u00f3n tuvo lugar en Manama, la capital de Bahr\u00e9in, en el marco de la reuni\u00f3n preparatoria de los ministros de Asuntos Exteriores \u00e1rabes para el Consejo de la Liga \u00c1rabe que &hellip;<\/p>\n","protected":false},"author":35,"featured_media":329122,"comment_status":"closed","ping_status":"closed","sticky":false,"template":"","format":"standard","meta":{"footnotes":""},"categories":[597,467,583],"tags":[],"class_list":["post-329121","post","type-post","status-publish","format-standard","has-post-thumbnail","","category-cinta-de-noticias","category-siria-y-el-mundo","category-slide"],"_links":{"self":[{"href":"https:\/\/archive.sana.sy\/es\/index.php?rest_route=\/wp\/v2\/posts\/329121"}],"collection":[{"href":"https:\/\/archive.sana.sy\/es\/index.php?rest_route=\/wp\/v2\/posts"}],"about":[{"href":"https:\/\/archive.sana.sy\/es\/index.php?rest_route=\/wp\/v2\/types\/post"}],"author":[{"embeddable":true,"href":"https:\/\/archive.sana.sy\/es\/index.php?rest_route=\/wp\/v2\/users\/35"}],"replies":[{"embeddable":true,"href":"https:\/\/archive.sana.sy\/es\/index.php?rest_route=%2Fwp%2Fv2%2Fcomments&post=329121"}],"version-history":[{"count":4,"href":"https:\/\/archive.sana.sy\/es\/index.php?rest_route=\/wp\/v2\/posts\/329121\/revisions"}],"predecessor-version":[{"id":329130,"href":"https:\/\/archive.sana.sy\/es\/index.php?rest_route=\/wp\/v2\/posts\/329121\/revisions\/329130"}],"wp:featuredmedia":[{"embeddable":true,"href":"https:\/\/archive.sana.sy\/es\/index.php?rest_route=\/wp\/v2\/media\/329122"}],"wp:attachment":[{"href":"https:\/\/archive.sana.sy\/es\/index.php?rest_route=%2Fwp%2Fv2%2Fmedia&parent=329121"}],"wp:term":[{"taxonomy":"category","embeddable":true,"href":"https:\/\/archive.sana.sy\/es\/index.php?rest_route=%2Fwp%2Fv2%2Fcategories&post=329121"},{"taxonomy":"post_tag","embeddable":true,"href":"https:\/\/archive.sana.sy\/es\/index.php?rest_route=%2Fwp%2Fv2%2Ftags&post=329121"}],"curies":[{"name":"wp","href":"https:\/\/api.w.org\/{rel}","templated":true}]}}