{"id":329140,"date":"2024-05-14T12:24:54","date_gmt":"2024-05-14T09:24:54","guid":{"rendered":"https:\/\/sana.sy\/es\/?p=329140"},"modified":"2024-05-14T13:09:28","modified_gmt":"2024-05-14T10:09:28","slug":"mueren-mas-de-20-palestinos-en-bombardeos-israelies-contra-gaza","status":"publish","type":"post","link":"https:\/\/archive.sana.sy\/es\/?p=329140","title":{"rendered":"Mueren m\u00e1s de 20 palestinos en bombardeos israel\u00edes contra Gaza"},"content":{"rendered":"<p style=\"text-align: justify;\"><strong><span style=\"color: #800000;\">Jerusal\u00e9n ocupada, 14 may (SANA)<\/span>\u00a0<\/strong> 22 palestinos murieron y otros resultaron heridos en una nueva jornada de agresiones del ocupante israel\u00ed contra la Franja de Gaza.<\/p>\n<p style=\"text-align: justify;\">&#8220;Los aviones de combate israel\u00edes bombardearon un inmueble de tres pisos con personas desplazadas en su interior en el campo de Nuseirat en el centro de la Franja de Gaza, cobrando la vida de 20 palestinos, incluidos ni\u00f1os, e hiriendo a otros&#8221;, informaron medios palestinos.<\/p>\n<p style=\"text-align: justify;\">Asimismo, los cazas israel\u00edes bombardearon una casa al oeste de la ciudad de Gaza, mientras que su artiller\u00eda bombarde\u00f3 violentamente la ciudad de Beit Lahia, al noroeste de la Franja de Gaza, y el campamento de Jabalia al norte del enclave.<\/p>\n<p style=\"text-align: justify;\">El Ministerio de Salud palestino anunci\u00f3 la v\u00edspera que el n\u00famero total de v\u00edctimas de la agresi\u00f3n israel\u00ed contra Gaza desde el 7 de octubre aument\u00f3 a 35.091 muertos y 78.827 heridos.<\/p>\n<p style=\"text-align: justify;\">ed\/fm<\/p>\n","protected":false},"excerpt":{"rendered":"<p>Jerusal\u00e9n ocupada, 14 may (SANA)\u00a0 22 palestinos murieron y otros resultaron heridos en una nueva jornada de agresiones del ocupante israel\u00ed contra la Franja de Gaza. &#8220;Los aviones de combate israel\u00edes bombardearon un inmueble de tres pisos con personas desplazadas en su interior en el campo de Nuseirat en el centro de la Franja de &hellip;<\/p>\n","protected":false},"author":32,"featured_media":329152,"comment_status":"closed","ping_status":"closed","sticky":false,"template":"","format":"standard","meta":{"footnotes":""},"categories":[597,456,20724,583],"tags":[],"class_list":["post-329140","post","type-post","status-publish","format-standard","has-post-thumbnail","","category-cinta-de-noticias","category-arabe-internacional-politica","category-minuto-a-minuto","category-slide"],"_links":{"self":[{"href":"https:\/\/archive.sana.sy\/es\/index.php?rest_route=\/wp\/v2\/posts\/329140"}],"collection":[{"href":"https:\/\/archive.sana.sy\/es\/index.php?rest_route=\/wp\/v2\/posts"}],"about":[{"href":"https:\/\/archive.sana.sy\/es\/index.php?rest_route=\/wp\/v2\/types\/post"}],"author":[{"embeddable":true,"href":"https:\/\/archive.sana.sy\/es\/index.php?rest_route=\/wp\/v2\/users\/32"}],"replies":[{"embeddable":true,"href":"https:\/\/archive.sana.sy\/es\/index.php?rest_route=%2Fwp%2Fv2%2Fcomments&post=329140"}],"version-history":[{"count":1,"href":"https:\/\/archive.sana.sy\/es\/index.php?rest_route=\/wp\/v2\/posts\/329140\/revisions"}],"predecessor-version":[{"id":329142,"href":"https:\/\/archive.sana.sy\/es\/index.php?rest_route=\/wp\/v2\/posts\/329140\/revisions\/329142"}],"wp:featuredmedia":[{"embeddable":true,"href":"https:\/\/archive.sana.sy\/es\/index.php?rest_route=\/wp\/v2\/media\/329152"}],"wp:attachment":[{"href":"https:\/\/archive.sana.sy\/es\/index.php?rest_route=%2Fwp%2Fv2%2Fmedia&parent=329140"}],"wp:term":[{"taxonomy":"category","embeddable":true,"href":"https:\/\/archive.sana.sy\/es\/index.php?rest_route=%2Fwp%2Fv2%2Fcategories&post=329140"},{"taxonomy":"post_tag","embeddable":true,"href":"https:\/\/archive.sana.sy\/es\/index.php?rest_route=%2Fwp%2Fv2%2Ftags&post=329140"}],"curies":[{"name":"wp","href":"https:\/\/api.w.org\/{rel}","templated":true}]}}