{"id":329157,"date":"2024-05-14T14:49:02","date_gmt":"2024-05-14T11:49:02","guid":{"rendered":"https:\/\/sana.sy\/es\/?p=329157"},"modified":"2024-05-14T14:49:02","modified_gmt":"2024-05-14T11:49:02","slug":"las-fuerzas-rusas-capturan-a-60-militares-ucranianos-y-estan-a-punto-de-liberar-la-ciudad-de-liptsi","status":"publish","type":"post","link":"https:\/\/archive.sana.sy\/es\/?p=329157","title":{"rendered":"Las fuerzas rusas capturan a 60 militares ucranianos y est\u00e1n a punto de liberar la ciudad de Liptsi"},"content":{"rendered":"<p style=\"text-align: justify;\"><span style=\"color: #800000;\"><strong>Mosc\u00fa, 14 may (SANA)<\/strong><\/span> El jefe de Administraci\u00f3n Civil y Militar de la provincia de J\u00e1rkov, Vitali G\u00e1nchev, anunci\u00f3 hoy que las fuerzas rusas est\u00e1n completando la liberaci\u00f3n de la ciudad de Liptsi.<\/p>\n<p style=\"text-align: justify;\">La agencia de noticias Sputnik cit\u00f3 a Ganchev diciendo en una entrevista televisiva, que se intensificaron los operativos y actualmente la ciudad est\u00e1 cercada y pronto ser\u00e1 liberada&#8221;.<\/p>\n<p style=\"text-align: justify;\">Adem\u00e1s, G\u00e1nchev anunci\u00f3 que m\u00e1s de 60 soldados de la formaci\u00f3n neonazi ucraniana \u201cKraken\u201d fueron capturados en J\u00e1rkov y explic\u00f3 que las operaciones en la provincia contin\u00faan a un ritmo acelerado.<\/p>\n<p style=\"text-align: justify;\">fm\/ed<\/p>\n","protected":false},"excerpt":{"rendered":"<p>Mosc\u00fa, 14 may (SANA) El jefe de Administraci\u00f3n Civil y Militar de la provincia de J\u00e1rkov, Vitali G\u00e1nchev, anunci\u00f3 hoy que las fuerzas rusas est\u00e1n completando la liberaci\u00f3n de la ciudad de Liptsi. La agencia de noticias Sputnik cit\u00f3 a Ganchev diciendo en una entrevista televisiva, que se intensificaron los operativos y actualmente la ciudad &hellip;<\/p>\n","protected":false},"author":32,"featured_media":329158,"comment_status":"closed","ping_status":"closed","sticky":false,"template":"","format":"standard","meta":{"footnotes":""},"categories":[597,456,20724,7541],"tags":[],"class_list":["post-329157","post","type-post","status-publish","format-standard","has-post-thumbnail","","category-cinta-de-noticias","category-arabe-internacional-politica","category-minuto-a-minuto","category-ultimas-noticias"],"_links":{"self":[{"href":"https:\/\/archive.sana.sy\/es\/index.php?rest_route=\/wp\/v2\/posts\/329157"}],"collection":[{"href":"https:\/\/archive.sana.sy\/es\/index.php?rest_route=\/wp\/v2\/posts"}],"about":[{"href":"https:\/\/archive.sana.sy\/es\/index.php?rest_route=\/wp\/v2\/types\/post"}],"author":[{"embeddable":true,"href":"https:\/\/archive.sana.sy\/es\/index.php?rest_route=\/wp\/v2\/users\/32"}],"replies":[{"embeddable":true,"href":"https:\/\/archive.sana.sy\/es\/index.php?rest_route=%2Fwp%2Fv2%2Fcomments&post=329157"}],"version-history":[{"count":1,"href":"https:\/\/archive.sana.sy\/es\/index.php?rest_route=\/wp\/v2\/posts\/329157\/revisions"}],"predecessor-version":[{"id":329159,"href":"https:\/\/archive.sana.sy\/es\/index.php?rest_route=\/wp\/v2\/posts\/329157\/revisions\/329159"}],"wp:featuredmedia":[{"embeddable":true,"href":"https:\/\/archive.sana.sy\/es\/index.php?rest_route=\/wp\/v2\/media\/329158"}],"wp:attachment":[{"href":"https:\/\/archive.sana.sy\/es\/index.php?rest_route=%2Fwp%2Fv2%2Fmedia&parent=329157"}],"wp:term":[{"taxonomy":"category","embeddable":true,"href":"https:\/\/archive.sana.sy\/es\/index.php?rest_route=%2Fwp%2Fv2%2Fcategories&post=329157"},{"taxonomy":"post_tag","embeddable":true,"href":"https:\/\/archive.sana.sy\/es\/index.php?rest_route=%2Fwp%2Fv2%2Ftags&post=329157"}],"curies":[{"name":"wp","href":"https:\/\/api.w.org\/{rel}","templated":true}]}}