{"id":329160,"date":"2024-05-14T16:06:56","date_gmt":"2024-05-14T13:06:56","guid":{"rendered":"https:\/\/sana.sy\/es\/?p=329160"},"modified":"2024-05-14T16:07:43","modified_gmt":"2024-05-14T13:07:43","slug":"450-000-palestinos-fueron-desplazados-de-rafa-debido-a-amenazas-y-bombardeos-israelies-fotos","status":"publish","type":"post","link":"https:\/\/archive.sana.sy\/es\/?p=329160","title":{"rendered":"450.000 palestinos fueron desplazados de Raf\u00e1 debido a amenazas y bombardeos israel\u00edes (+ fotos)"},"content":{"rendered":"<p style=\"text-align: justify;\"><span style=\"color: #800000;\"><strong>Jerusal\u00e9n ocupada, 14 may (SANA)<\/strong><\/span> La Agencia de Obras P\u00fablicas y Socorro de las Naciones Unidas para los Refugiados de Palestina (UNRWA) anunci\u00f3 hoy que alrededor de 450.000 palestinos han sido desplazados por la fuerza de la ciudad de Raf\u00e1, en el sur de la Franja de Gaza, desde que el ocupante israel\u00ed emitiera \u00f3rdenes de evacuar la ciudad.<\/p>\n<p style=\"text-align: justify;\">En una declaraci\u00f3n, la Unrwa afirm\u00f3 que los palestinos enfrentan un agotamiento constante, hambre y miedo, y que las calles de la ciudad de Raf\u00e1 se han quedado vac\u00edas mientras las familias contin\u00faan huyendo en busca de lugar seguro.<\/p>\n<p style=\"text-align: justify;\">No hay ning\u00fan lugar adonde ir y no hay seguridad, y restringir el acceso de la ayuda humanitaria es una cuesti\u00f3n de vida o muerte para Gaza, que sufre como resultado de los continuos bombardeos y la inseguridad alimentaria, lo que exige proporcionar de forma urgente e inmediata un corredor seguro para la entrega de ayuda, precis\u00f3 la agencia.<\/p>\n<p style=\"text-align: justify;\">Advirti\u00f3 que m\u00e1s de 150.000 mujeres embarazadas en Gaza enfrentan terribles condiciones y riesgos de salud, especialmente con el adverso movimiento de desplazamiento desde Raf\u00e1 hacia el sur.<\/p>\n<p style=\"text-align: justify;\">Por otro lado, aclar\u00f3 que \u201cning\u00fan ni\u00f1o en el mundo deber\u00eda sufrir as\u00ed y hace falta un alto el fuego ahora\u201d.<\/p>\n<p style=\"text-align: justify;\">La agencia calific\u00f3 el deterioro de la situaci\u00f3n humanitaria como \u201cun nuevo nivel de desesperaci\u00f3n que se desarrolla ante la vista del mundo\u201d.<\/p>\n<p style=\"text-align: justify;\">El Fondo de las Naciones Unidas para la Infancia (UNICEF) confirm\u00f3 que el 95 por ciento de las mujeres embarazadas o lactantes en la Franja de Gaza enfrentan una grave escasez de alimentos, mientras que el Fondo de Poblaci\u00f3n de las Naciones Unidas confirm\u00f3 que 62 paquetes de ayuda con materiales de maternidad est\u00e1n esperando que se les permita ingresar por el cruce de Raf\u00e1.<\/p>\n<div id='gallery-1' class='gallery galleryid-329160 gallery-columns-1 gallery-size-full'><figure class='gallery-item'>\n\t\t\t<div class='gallery-icon landscape'>\n\t\t\t\t<a href='https:\/\/archive.sana.sy\/es\/wp-content\/uploads\/2024\/05\/photo_2024-05-14_15-00-44-2.jpg'><img loading=\"lazy\" decoding=\"async\" width=\"1002\" height=\"563\" src=\"https:\/\/archive.sana.sy\/es\/wp-content\/uploads\/2024\/05\/photo_2024-05-14_15-00-44-2.jpg\" class=\"attachment-full size-full\" alt=\"\" srcset=\"https:\/\/archive.sana.sy\/es\/wp-content\/uploads\/2024\/05\/photo_2024-05-14_15-00-44-2.jpg 1002w, https:\/\/archive.sana.sy\/es\/wp-content\/uploads\/2024\/05\/photo_2024-05-14_15-00-44-2-300x169.jpg 300w, https:\/\/archive.sana.sy\/es\/wp-content\/uploads\/2024\/05\/photo_2024-05-14_15-00-44-2-150x84.jpg 150w, https:\/\/archive.sana.sy\/es\/wp-content\/uploads\/2024\/05\/photo_2024-05-14_15-00-44-2-768x432.jpg 768w\" sizes=\"(max-width: 1002px) 100vw, 1002px\" \/><\/a>\n\t\t\t<\/div><\/figure><figure class='gallery-item'>\n\t\t\t<div class='gallery-icon landscape'>\n\t\t\t\t<a href='https:\/\/archive.sana.sy\/es\/wp-content\/uploads\/2024\/05\/450.000-palestinos-fueron-desplazados-de-Rafa-debido-a-amenazas-y-bombardeos-israelies-fotos-1.jpg'><img loading=\"lazy\" decoding=\"async\" width=\"880\" height=\"495\" src=\"https:\/\/archive.sana.sy\/es\/wp-content\/uploads\/2024\/05\/450.000-palestinos-fueron-desplazados-de-Rafa-debido-a-amenazas-y-bombardeos-israelies-fotos-1.jpg\" class=\"attachment-full size-full\" alt=\"\" srcset=\"https:\/\/archive.sana.sy\/es\/wp-content\/uploads\/2024\/05\/450.000-palestinos-fueron-desplazados-de-Rafa-debido-a-amenazas-y-bombardeos-israelies-fotos-1.jpg 880w, https:\/\/archive.sana.sy\/es\/wp-content\/uploads\/2024\/05\/450.000-palestinos-fueron-desplazados-de-Rafa-debido-a-amenazas-y-bombardeos-israelies-fotos-1-300x169.jpg 300w, https:\/\/archive.sana.sy\/es\/wp-content\/uploads\/2024\/05\/450.000-palestinos-fueron-desplazados-de-Rafa-debido-a-amenazas-y-bombardeos-israelies-fotos-1-150x84.jpg 150w, https:\/\/archive.sana.sy\/es\/wp-content\/uploads\/2024\/05\/450.000-palestinos-fueron-desplazados-de-Rafa-debido-a-amenazas-y-bombardeos-israelies-fotos-1-768x432.jpg 768w\" sizes=\"(max-width: 880px) 100vw, 880px\" \/><\/a>\n\t\t\t<\/div><\/figure><figure class='gallery-item'>\n\t\t\t<div class='gallery-icon landscape'>\n\t\t\t\t<a href='https:\/\/archive.sana.sy\/es\/wp-content\/uploads\/2024\/05\/photo_2024-05-14_15-00-44.jpg'><img loading=\"lazy\" decoding=\"async\" width=\"1024\" height=\"576\" src=\"https:\/\/archive.sana.sy\/es\/wp-content\/uploads\/2024\/05\/photo_2024-05-14_15-00-44.jpg\" class=\"attachment-full size-full\" alt=\"\" srcset=\"https:\/\/archive.sana.sy\/es\/wp-content\/uploads\/2024\/05\/photo_2024-05-14_15-00-44.jpg 1024w, https:\/\/archive.sana.sy\/es\/wp-content\/uploads\/2024\/05\/photo_2024-05-14_15-00-44-300x169.jpg 300w, https:\/\/archive.sana.sy\/es\/wp-content\/uploads\/2024\/05\/photo_2024-05-14_15-00-44-150x84.jpg 150w, https:\/\/archive.sana.sy\/es\/wp-content\/uploads\/2024\/05\/photo_2024-05-14_15-00-44-768x432.jpg 768w\" sizes=\"(max-width: 1024px) 100vw, 1024px\" \/><\/a>\n\t\t\t<\/div><\/figure>\n\t\t<\/div>\n\n<p style=\"text-align: justify;\">fm\/ed<\/p>\n","protected":false},"excerpt":{"rendered":"<p>Jerusal\u00e9n ocupada, 14 may (SANA) La Agencia de Obras P\u00fablicas y Socorro de las Naciones Unidas para los Refugiados de Palestina (UNRWA) anunci\u00f3 hoy que alrededor de 450.000 palestinos han sido desplazados por la fuerza de la ciudad de Raf\u00e1, en el sur de la Franja de Gaza, desde que el ocupante israel\u00ed emitiera \u00f3rdenes &hellip;<\/p>\n","protected":false},"author":32,"featured_media":329161,"comment_status":"closed","ping_status":"closed","sticky":false,"template":"","format":"standard","meta":{"footnotes":""},"categories":[597,456,20724,583],"tags":[],"class_list":["post-329160","post","type-post","status-publish","format-standard","has-post-thumbnail","","category-cinta-de-noticias","category-arabe-internacional-politica","category-minuto-a-minuto","category-slide"],"_links":{"self":[{"href":"https:\/\/archive.sana.sy\/es\/index.php?rest_route=\/wp\/v2\/posts\/329160"}],"collection":[{"href":"https:\/\/archive.sana.sy\/es\/index.php?rest_route=\/wp\/v2\/posts"}],"about":[{"href":"https:\/\/archive.sana.sy\/es\/index.php?rest_route=\/wp\/v2\/types\/post"}],"author":[{"embeddable":true,"href":"https:\/\/archive.sana.sy\/es\/index.php?rest_route=\/wp\/v2\/users\/32"}],"replies":[{"embeddable":true,"href":"https:\/\/archive.sana.sy\/es\/index.php?rest_route=%2Fwp%2Fv2%2Fcomments&post=329160"}],"version-history":[{"count":4,"href":"https:\/\/archive.sana.sy\/es\/index.php?rest_route=\/wp\/v2\/posts\/329160\/revisions"}],"predecessor-version":[{"id":329170,"href":"https:\/\/archive.sana.sy\/es\/index.php?rest_route=\/wp\/v2\/posts\/329160\/revisions\/329170"}],"wp:featuredmedia":[{"embeddable":true,"href":"https:\/\/archive.sana.sy\/es\/index.php?rest_route=\/wp\/v2\/media\/329161"}],"wp:attachment":[{"href":"https:\/\/archive.sana.sy\/es\/index.php?rest_route=%2Fwp%2Fv2%2Fmedia&parent=329160"}],"wp:term":[{"taxonomy":"category","embeddable":true,"href":"https:\/\/archive.sana.sy\/es\/index.php?rest_route=%2Fwp%2Fv2%2Fcategories&post=329160"},{"taxonomy":"post_tag","embeddable":true,"href":"https:\/\/archive.sana.sy\/es\/index.php?rest_route=%2Fwp%2Fv2%2Ftags&post=329160"}],"curies":[{"name":"wp","href":"https:\/\/api.w.org\/{rel}","templated":true}]}}