{"id":329202,"date":"2024-05-14T19:14:42","date_gmt":"2024-05-14T16:14:42","guid":{"rendered":"https:\/\/sana.sy\/es\/?p=329202"},"modified":"2024-05-14T19:14:42","modified_gmt":"2024-05-14T16:14:42","slug":"resistencia-libanesa-derriba-un-globo-espia-de-israel","status":"publish","type":"post","link":"https:\/\/archive.sana.sy\/es\/?p=329202","title":{"rendered":"Resistencia libanesa derriba un globo esp\u00eda de &#8220;Israel&#8221;"},"content":{"rendered":"<p style=\"text-align: justify\"><span style=\"color: #800000\"><strong>Beirut, 14 may (SANA)<\/strong><\/span> La Resistencia libanesa anunci\u00f3 el derribo de un globo esp\u00eda del enemigo israel\u00ed que sobrevolaba el asentamiento de Admit.<\/p>\n<p style=\"text-align: justify\">Precis\u00f3 que los combatientes atacaron con misiles la base de donde se lanz\u00f3 el globo e infligieron bajas y heridos entre los soldados que lo controlaban.<\/p>\n<p style=\"text-align: justify\">Y en respuesta a los ataques del enemigo israel\u00ed contra aldeas en el sur del L\u00edbano, incluida la ciudad de Yaron, los combatientes apuntaron a edificios utilizados por soldados israel\u00edes en los asentamientos de Avivim y Al-Malikiyah.<\/p>\n<p style=\"text-align: justify\">Asimismo bombardearon la sede general de la 801.\u00aa Brigada en el cuartel israel\u00ed de Maale Golani.<\/p>\n<p style=\"text-align: justify\">la<\/p>\n","protected":false},"excerpt":{"rendered":"<p>Beirut, 14 may (SANA) La Resistencia libanesa anunci\u00f3 el derribo de un globo esp\u00eda del enemigo israel\u00ed que sobrevolaba el asentamiento de Admit. Precis\u00f3 que los combatientes atacaron con misiles la base de donde se lanz\u00f3 el globo e infligieron bajas y heridos entre los soldados que lo controlaban. Y en respuesta a los ataques &hellip;<\/p>\n","protected":false},"author":24,"featured_media":329203,"comment_status":"closed","ping_status":"closed","sticky":false,"template":"","format":"standard","meta":{"footnotes":""},"categories":[597,456,20724,7541],"tags":[],"class_list":["post-329202","post","type-post","status-publish","format-standard","has-post-thumbnail","","category-cinta-de-noticias","category-arabe-internacional-politica","category-minuto-a-minuto","category-ultimas-noticias"],"_links":{"self":[{"href":"https:\/\/archive.sana.sy\/es\/index.php?rest_route=\/wp\/v2\/posts\/329202"}],"collection":[{"href":"https:\/\/archive.sana.sy\/es\/index.php?rest_route=\/wp\/v2\/posts"}],"about":[{"href":"https:\/\/archive.sana.sy\/es\/index.php?rest_route=\/wp\/v2\/types\/post"}],"author":[{"embeddable":true,"href":"https:\/\/archive.sana.sy\/es\/index.php?rest_route=\/wp\/v2\/users\/24"}],"replies":[{"embeddable":true,"href":"https:\/\/archive.sana.sy\/es\/index.php?rest_route=%2Fwp%2Fv2%2Fcomments&post=329202"}],"version-history":[{"count":1,"href":"https:\/\/archive.sana.sy\/es\/index.php?rest_route=\/wp\/v2\/posts\/329202\/revisions"}],"predecessor-version":[{"id":329204,"href":"https:\/\/archive.sana.sy\/es\/index.php?rest_route=\/wp\/v2\/posts\/329202\/revisions\/329204"}],"wp:featuredmedia":[{"embeddable":true,"href":"https:\/\/archive.sana.sy\/es\/index.php?rest_route=\/wp\/v2\/media\/329203"}],"wp:attachment":[{"href":"https:\/\/archive.sana.sy\/es\/index.php?rest_route=%2Fwp%2Fv2%2Fmedia&parent=329202"}],"wp:term":[{"taxonomy":"category","embeddable":true,"href":"https:\/\/archive.sana.sy\/es\/index.php?rest_route=%2Fwp%2Fv2%2Fcategories&post=329202"},{"taxonomy":"post_tag","embeddable":true,"href":"https:\/\/archive.sana.sy\/es\/index.php?rest_route=%2Fwp%2Fv2%2Ftags&post=329202"}],"curies":[{"name":"wp","href":"https:\/\/api.w.org\/{rel}","templated":true}]}}