{"id":329205,"date":"2024-05-14T19:48:04","date_gmt":"2024-05-14T16:48:04","guid":{"rendered":"https:\/\/sana.sy\/es\/?p=329205"},"modified":"2024-05-14T19:48:04","modified_gmt":"2024-05-14T16:48:04","slug":"estudiante-de-columbia-rompe-su-diploma-en-protesta-por-las-masacres-israelies-en-gaza","status":"publish","type":"post","link":"https:\/\/archive.sana.sy\/es\/?p=329205","title":{"rendered":"Estudiante de Columbia rompe su diploma en protesta por las masacres israel\u00edes en Gaza"},"content":{"rendered":"<p style=\"text-align: justify\"><span style=\"color: #800000\"><strong>Nueva York, 14 may (SANA)<\/strong> <\/span>Una estudiante de la universidad estadounidense de Columbia rompi\u00f3 su diploma para manifestar su rechazo a los genocidios que comete \u201cIsrael\u201d en la Franja de Gaza.<\/p>\n<p style=\"text-align: justify\">Durante la ceremonia de graduaci\u00f3n, Tarsis Salome, subi\u00f3 al podio vestida con una keffiyeh y con las manos atadas rompi\u00f3 su diploma en pedazos en protesta por la pol\u00edtica pro israel\u00ed de su Universidad.<\/p>\n<p style=\"text-align: justify\">Salome acus\u00f3 a su instituci\u00f3n educativa de ser c\u00f3mplice de la guerra de exterminio israel\u00ed contra los indefensos palestinos.<\/p>\n<p style=\"text-align: justify\">Otros graduados montaron al escenario levantando banderas de Palestina.<\/p>\n<p style=\"text-align: justify\">Es de se\u00f1alar que los estudiantes de Columbia se sumaron a las manifestaciones pro palestinas que se lanzaron el 17 de abril desde los campus universitarios de todo el mundo, y exigieron a su universidad que rompiera sus relaciones con \u201cIsrael\u201d.<\/p>\n<p>la<\/p>\n","protected":false},"excerpt":{"rendered":"<p>Nueva York, 14 may (SANA) Una estudiante de la universidad estadounidense de Columbia rompi\u00f3 su diploma para manifestar su rechazo a los genocidios que comete \u201cIsrael\u201d en la Franja de Gaza. Durante la ceremonia de graduaci\u00f3n, Tarsis Salome, subi\u00f3 al podio vestida con una keffiyeh y con las manos atadas rompi\u00f3 su diploma en pedazos &hellip;<\/p>\n","protected":false},"author":24,"featured_media":329206,"comment_status":"closed","ping_status":"closed","sticky":false,"template":"","format":"standard","meta":{"footnotes":""},"categories":[597,456,20724,7541],"tags":[],"class_list":["post-329205","post","type-post","status-publish","format-standard","has-post-thumbnail","","category-cinta-de-noticias","category-arabe-internacional-politica","category-minuto-a-minuto","category-ultimas-noticias"],"_links":{"self":[{"href":"https:\/\/archive.sana.sy\/es\/index.php?rest_route=\/wp\/v2\/posts\/329205"}],"collection":[{"href":"https:\/\/archive.sana.sy\/es\/index.php?rest_route=\/wp\/v2\/posts"}],"about":[{"href":"https:\/\/archive.sana.sy\/es\/index.php?rest_route=\/wp\/v2\/types\/post"}],"author":[{"embeddable":true,"href":"https:\/\/archive.sana.sy\/es\/index.php?rest_route=\/wp\/v2\/users\/24"}],"replies":[{"embeddable":true,"href":"https:\/\/archive.sana.sy\/es\/index.php?rest_route=%2Fwp%2Fv2%2Fcomments&post=329205"}],"version-history":[{"count":1,"href":"https:\/\/archive.sana.sy\/es\/index.php?rest_route=\/wp\/v2\/posts\/329205\/revisions"}],"predecessor-version":[{"id":329207,"href":"https:\/\/archive.sana.sy\/es\/index.php?rest_route=\/wp\/v2\/posts\/329205\/revisions\/329207"}],"wp:featuredmedia":[{"embeddable":true,"href":"https:\/\/archive.sana.sy\/es\/index.php?rest_route=\/wp\/v2\/media\/329206"}],"wp:attachment":[{"href":"https:\/\/archive.sana.sy\/es\/index.php?rest_route=%2Fwp%2Fv2%2Fmedia&parent=329205"}],"wp:term":[{"taxonomy":"category","embeddable":true,"href":"https:\/\/archive.sana.sy\/es\/index.php?rest_route=%2Fwp%2Fv2%2Fcategories&post=329205"},{"taxonomy":"post_tag","embeddable":true,"href":"https:\/\/archive.sana.sy\/es\/index.php?rest_route=%2Fwp%2Fv2%2Ftags&post=329205"}],"curies":[{"name":"wp","href":"https:\/\/api.w.org\/{rel}","templated":true}]}}