{"id":32922,"date":"2015-11-05T11:04:20","date_gmt":"2015-11-05T09:04:20","guid":{"rendered":"http:\/\/sana.sy\/es\/?p=32922"},"modified":"2015-11-05T17:41:57","modified_gmt":"2015-11-05T15:41:57","slug":"jalili-teheran-no-permitira-que-ee-uu-elimine-el-corazon-de-la-resistencia-en-medio-oriente","status":"publish","type":"post","link":"https:\/\/archive.sana.sy\/es\/?p=32922","title":{"rendered":"Jalili: Teher\u00e1n no permitir\u00e1 que EE.UU elimine el coraz\u00f3n de la resistencia en Medio Oriente"},"content":{"rendered":"<p><span style=\"color: #800000\">Teher\u00e1n, SANA<\/span><\/p>\n<p>El representante del l\u00edder de la Revoluci\u00f3n Isl\u00e1mica en el Consejo Supremo de Seguridad Nacional, Saeed Jalili, reafirm\u00f3 la necesidad de movilizar las energ\u00edas para no permitir que Estados Unidos acabe a trav\u00e9s de sus conspiraciones, con el coraz\u00f3n de la resistencia en Medio Oriente.<\/p>\n<p>En una declaraci\u00f3n a la agencia de noticias iran\u00ed Tasnim, Jalili hizo alusi\u00f3n a la reuni\u00f3n de Viena sobre la crisis en Siria, y agreg\u00f3 que Siria es hoy en d\u00eda el coraz\u00f3n de la resistencia en esta regi\u00f3n muy sensible.<\/p>\n<p>Asimismo, reiter\u00f3 la necesidad de preservar a Siria y protegerla de las conspiraciones de EE.UU.<\/p>\n<p>&nbsp;<\/p>\n<p>&nbsp;<\/p>\n<p><span style=\"color: #00ccff\">Fady M., Hala B.<\/span><\/p>\n","protected":false},"excerpt":{"rendered":"<p>Teher\u00e1n, SANA El representante del l\u00edder de la Revoluci\u00f3n Isl\u00e1mica en el Consejo Supremo de Seguridad Nacional, Saeed Jalili, reafirm\u00f3 la necesidad de movilizar las energ\u00edas para no permitir que Estados Unidos acabe a trav\u00e9s de sus conspiraciones, con el coraz\u00f3n de la resistencia en Medio Oriente. En una declaraci\u00f3n a la agencia de noticias &hellip;<\/p>\n","protected":false},"author":1,"featured_media":32923,"comment_status":"closed","ping_status":"closed","sticky":false,"template":"","format":"standard","meta":{"footnotes":""},"categories":[597,456,457,576],"tags":[7292],"class_list":["post-32922","post","type-post","status-publish","format-standard","has-post-thumbnail","","category-cinta-de-noticias","category-arabe-internacional-politica","category-noticias-arabe-internacional-politica","category-noticias-politicas","tag-jalili-teheran-no-permitira-que-ee-uu-elimine-el-corazon-de-la-resistencia-en-medio-oriente"],"_links":{"self":[{"href":"https:\/\/archive.sana.sy\/es\/index.php?rest_route=\/wp\/v2\/posts\/32922"}],"collection":[{"href":"https:\/\/archive.sana.sy\/es\/index.php?rest_route=\/wp\/v2\/posts"}],"about":[{"href":"https:\/\/archive.sana.sy\/es\/index.php?rest_route=\/wp\/v2\/types\/post"}],"author":[{"embeddable":true,"href":"https:\/\/archive.sana.sy\/es\/index.php?rest_route=\/wp\/v2\/users\/1"}],"replies":[{"embeddable":true,"href":"https:\/\/archive.sana.sy\/es\/index.php?rest_route=%2Fwp%2Fv2%2Fcomments&post=32922"}],"version-history":[{"count":0,"href":"https:\/\/archive.sana.sy\/es\/index.php?rest_route=\/wp\/v2\/posts\/32922\/revisions"}],"wp:featuredmedia":[{"embeddable":true,"href":"https:\/\/archive.sana.sy\/es\/index.php?rest_route=\/wp\/v2\/media\/32923"}],"wp:attachment":[{"href":"https:\/\/archive.sana.sy\/es\/index.php?rest_route=%2Fwp%2Fv2%2Fmedia&parent=32922"}],"wp:term":[{"taxonomy":"category","embeddable":true,"href":"https:\/\/archive.sana.sy\/es\/index.php?rest_route=%2Fwp%2Fv2%2Fcategories&post=32922"},{"taxonomy":"post_tag","embeddable":true,"href":"https:\/\/archive.sana.sy\/es\/index.php?rest_route=%2Fwp%2Fv2%2Ftags&post=32922"}],"curies":[{"name":"wp","href":"https:\/\/api.w.org\/{rel}","templated":true}]}}