{"id":329221,"date":"2024-05-15T05:38:43","date_gmt":"2024-05-15T02:38:43","guid":{"rendered":"https:\/\/sana.sy\/es\/?p=329221"},"modified":"2024-05-15T05:38:43","modified_gmt":"2024-05-15T02:38:43","slug":"cancilleres-de-siria-y-arabia-saudita-sostienen-conversaciones-bilaterales","status":"publish","type":"post","link":"https:\/\/archive.sana.sy\/es\/?p=329221","title":{"rendered":"Cancilleres de Siria y Arabia Saudita sostienen conversaciones bilaterales"},"content":{"rendered":"<p style=\"text-align: justify;\"><span style=\"color: #800000;\"><strong>Manama, 15 may (SANA)\u00a0<\/strong> <\/span>El ministro sirio de Asuntos Exteriores y Expatriados, Faisal Al-Mekdad, sostuvo conversaciones con su hom\u00f3logo saudita, Faisal bin Farhan, en Manama, la capital bahrein\u00ed.<\/p>\n<p style=\"text-align: justify;\">La reuni\u00f3n entre ambos cancilleres se produjo en el marco de la reuni\u00f3n preparatoria de los ministros de Asuntos Exteriores \u00e1rabes para el Consejo de la Liga \u00c1rabe que se celebrar\u00e1 este jueves a nivel de cumbre.<\/p>\n<p style=\"text-align: justify;\">Los dos ministros trataron las relaciones bilaterales y las formas de desarrollarlas, y manifestaron su satisfacci\u00f3n por el avance de estas relaciones y el deseo de impulsarlas en diversos campos.<\/p>\n<p style=\"text-align: justify;\">Tambi\u00e9n, repasaron la catastr\u00f3fica situaci\u00f3n humanitaria en los territorios palestinos ocupados debido a los cr\u00edmenes de genocidio israel\u00edes, y enfatizaron la necesidad de detener estos cr\u00edmenes y garantizar el flujo de ayuda humanitaria a los palestinos.<\/p>\n<p style=\"text-align: justify;\">El ministro Al-Mekdad expres\u00f3 su agradecimiento por los esfuerzos realizados por el Reino de Arabia Saudita durante su presidencia de la 32\u00ba Cumbre \u00c1rabe y sus incansables esfuerzos para mejorar la acci\u00f3n \u00e1rabe conjunta.<\/p>\n<p style=\"text-align: justify;\">fm<\/p>\n","protected":false},"excerpt":{"rendered":"<p>Manama, 15 may (SANA)\u00a0 El ministro sirio de Asuntos Exteriores y Expatriados, Faisal Al-Mekdad, sostuvo conversaciones con su hom\u00f3logo saudita, Faisal bin Farhan, en Manama, la capital bahrein\u00ed. La reuni\u00f3n entre ambos cancilleres se produjo en el marco de la reuni\u00f3n preparatoria de los ministros de Asuntos Exteriores \u00e1rabes para el Consejo de la Liga &hellip;<\/p>\n","protected":false},"author":34,"featured_media":329222,"comment_status":"closed","ping_status":"closed","sticky":false,"template":"","format":"standard","meta":{"footnotes":""},"categories":[447,477,597,20724,476,467,583],"tags":[],"class_list":["post-329221","post","type-post","status-publish","format-standard","has-post-thumbnail","","category-local-politica","category-noticias-edulcorantes","category-cinta-de-noticias","category-minuto-a-minuto","category-locales","category-siria-y-el-mundo","category-slide"],"_links":{"self":[{"href":"https:\/\/archive.sana.sy\/es\/index.php?rest_route=\/wp\/v2\/posts\/329221"}],"collection":[{"href":"https:\/\/archive.sana.sy\/es\/index.php?rest_route=\/wp\/v2\/posts"}],"about":[{"href":"https:\/\/archive.sana.sy\/es\/index.php?rest_route=\/wp\/v2\/types\/post"}],"author":[{"embeddable":true,"href":"https:\/\/archive.sana.sy\/es\/index.php?rest_route=\/wp\/v2\/users\/34"}],"replies":[{"embeddable":true,"href":"https:\/\/archive.sana.sy\/es\/index.php?rest_route=%2Fwp%2Fv2%2Fcomments&post=329221"}],"version-history":[{"count":1,"href":"https:\/\/archive.sana.sy\/es\/index.php?rest_route=\/wp\/v2\/posts\/329221\/revisions"}],"predecessor-version":[{"id":329223,"href":"https:\/\/archive.sana.sy\/es\/index.php?rest_route=\/wp\/v2\/posts\/329221\/revisions\/329223"}],"wp:featuredmedia":[{"embeddable":true,"href":"https:\/\/archive.sana.sy\/es\/index.php?rest_route=\/wp\/v2\/media\/329222"}],"wp:attachment":[{"href":"https:\/\/archive.sana.sy\/es\/index.php?rest_route=%2Fwp%2Fv2%2Fmedia&parent=329221"}],"wp:term":[{"taxonomy":"category","embeddable":true,"href":"https:\/\/archive.sana.sy\/es\/index.php?rest_route=%2Fwp%2Fv2%2Fcategories&post=329221"},{"taxonomy":"post_tag","embeddable":true,"href":"https:\/\/archive.sana.sy\/es\/index.php?rest_route=%2Fwp%2Fv2%2Ftags&post=329221"}],"curies":[{"name":"wp","href":"https:\/\/api.w.org\/{rel}","templated":true}]}}