{"id":329273,"date":"2024-05-15T14:58:03","date_gmt":"2024-05-15T11:58:03","guid":{"rendered":"https:\/\/sana.sy\/es\/?p=329273"},"modified":"2024-05-15T14:59:02","modified_gmt":"2024-05-15T11:59:02","slug":"al-mekdad-y-ammar-abogan-por-una-posicion-arabe-unida-para-enfrentar-los-desafios","status":"publish","type":"post","link":"https:\/\/archive.sana.sy\/es\/?p=329273","title":{"rendered":"Al-Mekdad y Ammar abogan por una posici\u00f3n \u00e1rabe unida para enfrentar los desaf\u00edos"},"content":{"rendered":"<p style=\"text-align: justify;\"><span style=\"color: #800000;\"><strong>Manama, 15 may (SANA)\u00a0<\/strong><\/span> \u00a0El ministro sirio de Asuntos Exteriores y Emigrantes, Faisal Al-Mekdad, repas\u00f3 con el ministro de Asuntos Exteriores, Inmigraci\u00f3n y de Tunecinos en el Extranjero, Nabil Ammar, las relaciones bilaterales y las formas de desarrollarlas en diversos \u00e1mbitos.<\/p>\n<p style=\"text-align: justify;\">Los dos ministros valoraron la evoluci\u00f3n de la situaci\u00f3n en los \u00e1mbitos regional e internacional, especialmente la situaci\u00f3n en los territorios palestinos ocupados, y destacaron la importancia de la unidad de la posici\u00f3n \u00e1rabe para enfrentar los desaf\u00edos que enfrenta la regi\u00f3n.<\/p>\n<p style=\"text-align: justify;\">La reuni\u00f3n entre ambos cancilleres se produjo en el marco de la reuni\u00f3n preparatoria de los ministros de Asuntos Exteriores \u00e1rabes para el Consejo de la Liga \u00c1rabe que se celebrar\u00e1 este jueves a nivel de cumbre.<\/p>\n<p><strong>fm\/ws<\/strong><\/p>\n","protected":false},"excerpt":{"rendered":"<p>Manama, 15 may (SANA)\u00a0 \u00a0El ministro sirio de Asuntos Exteriores y Emigrantes, Faisal Al-Mekdad, repas\u00f3 con el ministro de Asuntos Exteriores, Inmigraci\u00f3n y de Tunecinos en el Extranjero, Nabil Ammar, las relaciones bilaterales y las formas de desarrollarlas en diversos \u00e1mbitos. Los dos ministros valoraron la evoluci\u00f3n de la situaci\u00f3n en los \u00e1mbitos regional e &hellip;<\/p>\n","protected":false},"author":35,"featured_media":329274,"comment_status":"closed","ping_status":"closed","sticky":false,"template":"","format":"standard","meta":{"footnotes":""},"categories":[597,456,16687,20724,7541],"tags":[],"class_list":["post-329273","post","type-post","status-publish","format-standard","has-post-thumbnail","","category-cinta-de-noticias","category-arabe-internacional-politica","category-internacionales","category-minuto-a-minuto","category-ultimas-noticias"],"_links":{"self":[{"href":"https:\/\/archive.sana.sy\/es\/index.php?rest_route=\/wp\/v2\/posts\/329273"}],"collection":[{"href":"https:\/\/archive.sana.sy\/es\/index.php?rest_route=\/wp\/v2\/posts"}],"about":[{"href":"https:\/\/archive.sana.sy\/es\/index.php?rest_route=\/wp\/v2\/types\/post"}],"author":[{"embeddable":true,"href":"https:\/\/archive.sana.sy\/es\/index.php?rest_route=\/wp\/v2\/users\/35"}],"replies":[{"embeddable":true,"href":"https:\/\/archive.sana.sy\/es\/index.php?rest_route=%2Fwp%2Fv2%2Fcomments&post=329273"}],"version-history":[{"count":2,"href":"https:\/\/archive.sana.sy\/es\/index.php?rest_route=\/wp\/v2\/posts\/329273\/revisions"}],"predecessor-version":[{"id":329276,"href":"https:\/\/archive.sana.sy\/es\/index.php?rest_route=\/wp\/v2\/posts\/329273\/revisions\/329276"}],"wp:featuredmedia":[{"embeddable":true,"href":"https:\/\/archive.sana.sy\/es\/index.php?rest_route=\/wp\/v2\/media\/329274"}],"wp:attachment":[{"href":"https:\/\/archive.sana.sy\/es\/index.php?rest_route=%2Fwp%2Fv2%2Fmedia&parent=329273"}],"wp:term":[{"taxonomy":"category","embeddable":true,"href":"https:\/\/archive.sana.sy\/es\/index.php?rest_route=%2Fwp%2Fv2%2Fcategories&post=329273"},{"taxonomy":"post_tag","embeddable":true,"href":"https:\/\/archive.sana.sy\/es\/index.php?rest_route=%2Fwp%2Fv2%2Ftags&post=329273"}],"curies":[{"name":"wp","href":"https:\/\/api.w.org\/{rel}","templated":true}]}}