{"id":329277,"date":"2024-05-15T15:13:51","date_gmt":"2024-05-15T12:13:51","guid":{"rendered":"https:\/\/sana.sy\/es\/?p=329277"},"modified":"2024-05-15T15:13:51","modified_gmt":"2024-05-15T12:13:51","slug":"policia-holandesa-reprime-protestas-pro-palestinas-en-la-universidad-de-amsterdam","status":"publish","type":"post","link":"https:\/\/archive.sana.sy\/es\/?p=329277","title":{"rendered":"Polic\u00eda holandesa reprime protestas pro palestinas en la Universidad de \u00c1msterdam"},"content":{"rendered":"<blockquote><p><span style=\"color: #800000;\"><strong>Una estudiante de la carrera de historia inform\u00f3 que la violencia empleada contra los manifestantes es sin precedentes y que los agentes policiales retiraron las tiendas de campa\u00f1a que los estudiantes instalaron en el interior de los edificios para participar en una huelga por Gaza.<\/strong><\/span><\/p><\/blockquote>\n<p style=\"text-align: justify;\">\n<strong><span style=\"color: #800000;\">\u00c1msterdam, 15 may (SANA)<\/span> <\/strong>La polic\u00eda holandesa reprimi\u00f3 una protesta pac\u00edfica pro palestina convocada por los estudiantes y el personal docente en la Universidad de \u00c1msterdam.<\/p>\n<p style=\"text-align: justify;\">La administraci\u00f3n del centro suspendi\u00f3 las clases por dos d\u00edas y llam\u00f3 a la polic\u00eda para reprimir a los manifestantes.<br \/>\nEnzo Roci\u00f3, profesor de ciencias pol\u00edticas, dijo que su esposa y \u00e9l fueron atacados varias veces con garrotes por parte de la polic\u00eda.<\/p>\n<p style=\"text-align: justify;\">A su vez, una estudiante de la carrera de historia inform\u00f3 que la violencia empleada contra los manifestantes es sin precedentes y que los agentes policiales retiraron las tiendas de campa\u00f1a que los estudiantes instalaron en el interior de los edificios para participar en una huelga por Gaza.<\/p>\n<p style=\"text-align: justify;\">Durante las \u00faltimas semanas, se produjeron manifestaciones contra la agresi\u00f3n israel\u00ed en varias universidades holandesas, donde miles de personas fueron reprimidas por la polic\u00eda.<\/p>\n<p>ma\/fm<\/p>\n","protected":false},"excerpt":{"rendered":"<p>Una estudiante de la carrera de historia inform\u00f3 que la violencia empleada contra los manifestantes es sin precedentes y que los agentes policiales retiraron las tiendas de campa\u00f1a que los estudiantes instalaron en el interior de los edificios para participar en una huelga por Gaza. \u00c1msterdam, 15 may (SANA) La polic\u00eda holandesa reprimi\u00f3 una protesta &hellip;<\/p>\n","protected":false},"author":35,"featured_media":329278,"comment_status":"closed","ping_status":"closed","sticky":false,"template":"","format":"standard","meta":{"footnotes":""},"categories":[597,456,16687,20724,7541],"tags":[],"class_list":["post-329277","post","type-post","status-publish","format-standard","has-post-thumbnail","","category-cinta-de-noticias","category-arabe-internacional-politica","category-internacionales","category-minuto-a-minuto","category-ultimas-noticias"],"_links":{"self":[{"href":"https:\/\/archive.sana.sy\/es\/index.php?rest_route=\/wp\/v2\/posts\/329277"}],"collection":[{"href":"https:\/\/archive.sana.sy\/es\/index.php?rest_route=\/wp\/v2\/posts"}],"about":[{"href":"https:\/\/archive.sana.sy\/es\/index.php?rest_route=\/wp\/v2\/types\/post"}],"author":[{"embeddable":true,"href":"https:\/\/archive.sana.sy\/es\/index.php?rest_route=\/wp\/v2\/users\/35"}],"replies":[{"embeddable":true,"href":"https:\/\/archive.sana.sy\/es\/index.php?rest_route=%2Fwp%2Fv2%2Fcomments&post=329277"}],"version-history":[{"count":1,"href":"https:\/\/archive.sana.sy\/es\/index.php?rest_route=\/wp\/v2\/posts\/329277\/revisions"}],"predecessor-version":[{"id":329279,"href":"https:\/\/archive.sana.sy\/es\/index.php?rest_route=\/wp\/v2\/posts\/329277\/revisions\/329279"}],"wp:featuredmedia":[{"embeddable":true,"href":"https:\/\/archive.sana.sy\/es\/index.php?rest_route=\/wp\/v2\/media\/329278"}],"wp:attachment":[{"href":"https:\/\/archive.sana.sy\/es\/index.php?rest_route=%2Fwp%2Fv2%2Fmedia&parent=329277"}],"wp:term":[{"taxonomy":"category","embeddable":true,"href":"https:\/\/archive.sana.sy\/es\/index.php?rest_route=%2Fwp%2Fv2%2Fcategories&post=329277"},{"taxonomy":"post_tag","embeddable":true,"href":"https:\/\/archive.sana.sy\/es\/index.php?rest_route=%2Fwp%2Fv2%2Ftags&post=329277"}],"curies":[{"name":"wp","href":"https:\/\/api.w.org\/{rel}","templated":true}]}}