{"id":329285,"date":"2024-05-15T16:18:03","date_gmt":"2024-05-15T13:18:03","guid":{"rendered":"https:\/\/sana.sy\/es\/?p=329285"},"modified":"2024-05-16T10:50:28","modified_gmt":"2024-05-16T07:50:28","slug":"canciller-sirio-se-reune-con-sus-homologos-de-iraq-libia-y-tunez-fotos","status":"publish","type":"post","link":"https:\/\/archive.sana.sy\/es\/?p=329285","title":{"rendered":"Canciller sirio se re\u00fane con sus hom\u00f3logos de Iraq, Libia y T\u00fanez (+ fotos)"},"content":{"rendered":"<p style=\"text-align: justify;\"><span style=\"color: #800000;\"><strong>Manama, 15 may (SANA)<\/strong> <\/span>El ministro de Asuntos Exteriores de Siria, Faisal Al-Mekdad, sostuvo encuentros bilaterales con sus pares de Libia, Al-Taher Salem Al-Baour; de Iraq, Fuad Hussein y de T\u00fanez, Nabil Ammar.<\/p>\n<p style=\"text-align: justify;\"><span style=\"color: #0000ff;\"><strong>Al-Mekdad y Ammar abogan por una posici\u00f3n \u00e1rabe unida para enfrentar los desaf\u00edos<\/strong><\/span><\/p>\n<p style=\"text-align: justify;\">El ministro sirio de Asuntos Exteriores y Emigrantes, Faisal Al-Mekdad, repas\u00f3 con el ministro de Asuntos Exteriores, Inmigraci\u00f3n y de Tunecinos en el Extranjero, Nabil Ammar, las relaciones bilaterales y las formas de desarrollarlas en diversos \u00e1mbitos.<\/p>\n<p style=\"text-align: justify;\">Los dos ministros valoraron la evoluci\u00f3n de la situaci\u00f3n en los \u00e1mbitos regional e internacional, especialmente la situaci\u00f3n en los territorios palestinos ocupados, y destacaron la importancia de la unidad de la posici\u00f3n \u00e1rabe para enfrentar los desaf\u00edos que enfrenta la regi\u00f3n.<\/p>\n<p style=\"text-align: justify;\">La reuni\u00f3n entre ambos cancilleres se produjo en el marco de la reuni\u00f3n preparatoria de los ministros de Asuntos Exteriores \u00e1rabes para el Consejo de la Liga \u00c1rabe que se celebrar\u00e1 este jueves a nivel de cumbre.<\/p>\n<p style=\"text-align: justify;\"><span style=\"color: #0000ff;\"><strong>Cancilleres de Siria e Iraq ratifican voluntad de impulsar la cooperaci\u00f3n bilateral<\/strong><\/span><\/p>\n<p style=\"text-align: justify;\">El ministro sirio de Asuntos Exteriores y Expatriados, Faisal Al-Mekdad, se reuni\u00f3 con su hom\u00f3logo iraqu\u00ed Fuad Hussein, en Manama, la capital de Bahr\u00e9in, que acoger\u00e1 este jueves la Cumbre \u00c1rabe.<\/p>\n<p style=\"text-align: justify;\"><img loading=\"lazy\" decoding=\"async\" class=\"wp-image-329270 alignleft\" src=\"http:\/\/sana.sy\/es\/wp-content\/uploads\/2024\/05\/Cancilleres-de-Siria-e-Iraq-ratifican-voluntad-de-impulsar-la-cooperacion-bilateral.jpg\" alt=\"\" width=\"540\" height=\"270\" srcset=\"https:\/\/archive.sana.sy\/es\/wp-content\/uploads\/2024\/05\/Cancilleres-de-Siria-e-Iraq-ratifican-voluntad-de-impulsar-la-cooperacion-bilateral.jpg 660w, https:\/\/archive.sana.sy\/es\/wp-content\/uploads\/2024\/05\/Cancilleres-de-Siria-e-Iraq-ratifican-voluntad-de-impulsar-la-cooperacion-bilateral-300x150.jpg 300w, https:\/\/archive.sana.sy\/es\/wp-content\/uploads\/2024\/05\/Cancilleres-de-Siria-e-Iraq-ratifican-voluntad-de-impulsar-la-cooperacion-bilateral-150x75.jpg 150w\" sizes=\"(max-width: 540px) 100vw, 540px\" \/>Los dos ministros repasaron las relaciones bilaterales y afirmaron su voluntad de colaborar y desarrollar la cooperaci\u00f3n en diversos \u00e1mbitos.<\/p>\n<p style=\"text-align: justify;\">Tambi\u00e9n discutieron los \u00faltimos acontecimientos en la regi\u00f3n y el mundo, y sus puntos de vista coincidieron sobre varios temas de inter\u00e9s com\u00fan.<\/p>\n<p style=\"text-align: justify;\">Al-Mekdad y Hussein analizaron la catastr\u00f3fica situaci\u00f3n humanitaria del pueblo palestino como resultado de la continua agresi\u00f3n israel\u00ed, y subrayaron la necesidad de poner fin de inmediato a los cr\u00edmenes sionistas, impedir el desplazamiento de los palestinos y permitir que la ayuda humanitaria les llegue de forma inmediata y sin obst\u00e1culos.<\/p>\n<p style=\"text-align: justify;\"><span style=\"color: #0000ff;\"><strong>Cancilleres de Siria y Libia examinan v\u00edas para reactivar las relaciones bilaterales<\/strong><\/span><\/p>\n<p style=\"text-align: justify;\">El ministro sirio de Asuntos Exteriores y Expatriados, Faisal Al-Mekdad, sostuvo conversaciones con el ministro de Asuntos Exteriores y Cooperaci\u00f3n Internacional en Libia, Al-Taher Salem Al-Baour.<\/p>\n<p style=\"text-align: justify;\">Los dos cancilleres abordaron el tema de las relaciones bilaterales entre los dos pa\u00edses y las formas de reactivarlas, por el bien de los dos pueblos.<\/p>\n<p style=\"text-align: justify;\"><img loading=\"lazy\" decoding=\"async\" class=\"wp-image-329267 alignleft\" src=\"http:\/\/sana.sy\/es\/wp-content\/uploads\/2024\/05\/Cancilleres-de-Siria-y-Libia-examinan-vias-para-reactivar-las-relaciones-bilaterales.jpg\" alt=\"\" width=\"404\" height=\"202\" srcset=\"https:\/\/archive.sana.sy\/es\/wp-content\/uploads\/2024\/05\/Cancilleres-de-Siria-y-Libia-examinan-vias-para-reactivar-las-relaciones-bilaterales.jpg 660w, https:\/\/archive.sana.sy\/es\/wp-content\/uploads\/2024\/05\/Cancilleres-de-Siria-y-Libia-examinan-vias-para-reactivar-las-relaciones-bilaterales-300x150.jpg 300w, https:\/\/archive.sana.sy\/es\/wp-content\/uploads\/2024\/05\/Cancilleres-de-Siria-y-Libia-examinan-vias-para-reactivar-las-relaciones-bilaterales-150x75.jpg 150w\" sizes=\"(max-width: 404px) 100vw, 404px\" \/>Al-Mekdad reafirm\u00f3 el apoyo de Siria a la estabilidad, unidad e integridad territorial de Libia y a la no injerencia en sus asuntos internos, y expres\u00f3 la voluntad de cooperar con las instituciones nacionales de Libia.<\/p>\n<p style=\"text-align: justify;\">Los dos ministros repasaron tambi\u00e9n la situaci\u00f3n en la regi\u00f3n, especialmente en los territorios palestinos ocupados, y condenaron los cr\u00edmenes de genocidio cometidos por la entidad sionista contra el pueblo palestino.<\/p>\n<p style=\"text-align: justify;\">Resaltaron la importancia de intensificar los esfuerzos \u00e1rabes para detener esta agresi\u00f3n y apoyar la firmeza del pueblo palestino y garantizar la llegada de ayuda humanitaria.<\/p>\n<p style=\"text-align: justify;\">fm<\/p>\n","protected":false},"excerpt":{"rendered":"<p>Manama, 15 may (SANA) El ministro de Asuntos Exteriores de Siria, Faisal Al-Mekdad, sostuvo encuentros bilaterales con sus pares de Libia, Al-Taher Salem Al-Baour; de Iraq, Fuad Hussein y de T\u00fanez, Nabil Ammar. Al-Mekdad y Ammar abogan por una posici\u00f3n \u00e1rabe unida para enfrentar los desaf\u00edos El ministro sirio de Asuntos Exteriores y Emigrantes, Faisal &hellip;<\/p>\n","protected":false},"author":34,"featured_media":329274,"comment_status":"closed","ping_status":"closed","sticky":false,"template":"","format":"standard","meta":{"footnotes":""},"categories":[597,20724,7541],"tags":[],"class_list":["post-329285","post","type-post","status-publish","format-standard","has-post-thumbnail","","category-cinta-de-noticias","category-minuto-a-minuto","category-ultimas-noticias"],"_links":{"self":[{"href":"https:\/\/archive.sana.sy\/es\/index.php?rest_route=\/wp\/v2\/posts\/329285"}],"collection":[{"href":"https:\/\/archive.sana.sy\/es\/index.php?rest_route=\/wp\/v2\/posts"}],"about":[{"href":"https:\/\/archive.sana.sy\/es\/index.php?rest_route=\/wp\/v2\/types\/post"}],"author":[{"embeddable":true,"href":"https:\/\/archive.sana.sy\/es\/index.php?rest_route=\/wp\/v2\/users\/34"}],"replies":[{"embeddable":true,"href":"https:\/\/archive.sana.sy\/es\/index.php?rest_route=%2Fwp%2Fv2%2Fcomments&post=329285"}],"version-history":[{"count":1,"href":"https:\/\/archive.sana.sy\/es\/index.php?rest_route=\/wp\/v2\/posts\/329285\/revisions"}],"predecessor-version":[{"id":329286,"href":"https:\/\/archive.sana.sy\/es\/index.php?rest_route=\/wp\/v2\/posts\/329285\/revisions\/329286"}],"wp:featuredmedia":[{"embeddable":true,"href":"https:\/\/archive.sana.sy\/es\/index.php?rest_route=\/wp\/v2\/media\/329274"}],"wp:attachment":[{"href":"https:\/\/archive.sana.sy\/es\/index.php?rest_route=%2Fwp%2Fv2%2Fmedia&parent=329285"}],"wp:term":[{"taxonomy":"category","embeddable":true,"href":"https:\/\/archive.sana.sy\/es\/index.php?rest_route=%2Fwp%2Fv2%2Fcategories&post=329285"},{"taxonomy":"post_tag","embeddable":true,"href":"https:\/\/archive.sana.sy\/es\/index.php?rest_route=%2Fwp%2Fv2%2Ftags&post=329285"}],"curies":[{"name":"wp","href":"https:\/\/api.w.org\/{rel}","templated":true}]}}