{"id":329320,"date":"2024-05-15T19:59:48","date_gmt":"2024-05-15T16:59:48","guid":{"rendered":"https:\/\/sana.sy\/es\/?p=329320"},"modified":"2024-05-16T06:17:30","modified_gmt":"2024-05-16T03:17:30","slug":"barein-anuncia-reanudacion-de-vuelos-con-siria","status":"publish","type":"post","link":"https:\/\/archive.sana.sy\/es\/?p=329320","title":{"rendered":"Bar\u00e9in anuncia reanudaci\u00f3n de vuelos con Siria"},"content":{"rendered":"<p style=\"text-align: justify;\"><span style=\"color: #800000;\"><strong>Manama, 15 may (SANA)<\/strong><\/span> Bar\u00e9in anunci\u00f3 este mi\u00e9rcoles la reanudaci\u00f3n de los vuelos con Siria a trav\u00e9s de la aerol\u00ednea Syrian Airlines, decisi\u00f3n que fue acogida con satisfacci\u00f3n por el Ministerio de Transporte sirio.<\/p>\n<p style=\"text-align: justify;\">La Agencia de Noticias barein\u00ed cit\u00f3 a la Entidad de Aviaci\u00f3n Civil de su pa\u00eds diciendo en un comunicado que los detalles de los horarios y el n\u00famero de vuelos se anunciar\u00e1n poco despu\u00e9s de completar todos los procedimientos y emitir las licencias oficiales al respecto.<\/p>\n<p style=\"text-align: justify;\">Explic\u00f3 que esta decisi\u00f3n viene para agregar nuevos destinos y brindar mejores opciones a los viajeros a trav\u00e9s del Aeropuerto Internacional de Bar\u00e9in.<\/p>\n<p style=\"text-align: justify;\">Por su parte, el Ministerio de Transporte sirio expres\u00f3 su satisfacci\u00f3n por este paso, e indic\u00f3 que la Organizaci\u00f3n de Aviaci\u00f3n Civil General de Siria est\u00e1 dando seguimiento a todas las medidas y requisitos a favor del mismo, lo que servir\u00e1 el movimiento a\u00e9reo entre los dos pa\u00edses hermanos.<\/p>\n<p style=\"text-align: justify;\">la<\/p>\n","protected":false},"excerpt":{"rendered":"<p>Manama, 15 may (SANA) Bar\u00e9in anunci\u00f3 este mi\u00e9rcoles la reanudaci\u00f3n de los vuelos con Siria a trav\u00e9s de la aerol\u00ednea Syrian Airlines, decisi\u00f3n que fue acogida con satisfacci\u00f3n por el Ministerio de Transporte sirio. La Agencia de Noticias barein\u00ed cit\u00f3 a la Entidad de Aviaci\u00f3n Civil de su pa\u00eds diciendo en un comunicado que los &hellip;<\/p>\n","protected":false},"author":24,"featured_media":329321,"comment_status":"closed","ping_status":"closed","sticky":false,"template":"","format":"standard","meta":{"footnotes":""},"categories":[597,20724,476,467],"tags":[],"class_list":["post-329320","post","type-post","status-publish","format-standard","has-post-thumbnail","","category-cinta-de-noticias","category-minuto-a-minuto","category-locales","category-siria-y-el-mundo"],"_links":{"self":[{"href":"https:\/\/archive.sana.sy\/es\/index.php?rest_route=\/wp\/v2\/posts\/329320"}],"collection":[{"href":"https:\/\/archive.sana.sy\/es\/index.php?rest_route=\/wp\/v2\/posts"}],"about":[{"href":"https:\/\/archive.sana.sy\/es\/index.php?rest_route=\/wp\/v2\/types\/post"}],"author":[{"embeddable":true,"href":"https:\/\/archive.sana.sy\/es\/index.php?rest_route=\/wp\/v2\/users\/24"}],"replies":[{"embeddable":true,"href":"https:\/\/archive.sana.sy\/es\/index.php?rest_route=%2Fwp%2Fv2%2Fcomments&post=329320"}],"version-history":[{"count":4,"href":"https:\/\/archive.sana.sy\/es\/index.php?rest_route=\/wp\/v2\/posts\/329320\/revisions"}],"predecessor-version":[{"id":329337,"href":"https:\/\/archive.sana.sy\/es\/index.php?rest_route=\/wp\/v2\/posts\/329320\/revisions\/329337"}],"wp:featuredmedia":[{"embeddable":true,"href":"https:\/\/archive.sana.sy\/es\/index.php?rest_route=\/wp\/v2\/media\/329321"}],"wp:attachment":[{"href":"https:\/\/archive.sana.sy\/es\/index.php?rest_route=%2Fwp%2Fv2%2Fmedia&parent=329320"}],"wp:term":[{"taxonomy":"category","embeddable":true,"href":"https:\/\/archive.sana.sy\/es\/index.php?rest_route=%2Fwp%2Fv2%2Fcategories&post=329320"},{"taxonomy":"post_tag","embeddable":true,"href":"https:\/\/archive.sana.sy\/es\/index.php?rest_route=%2Fwp%2Fv2%2Ftags&post=329320"}],"curies":[{"name":"wp","href":"https:\/\/api.w.org\/{rel}","templated":true}]}}