{"id":329330,"date":"2024-05-16T05:53:50","date_gmt":"2024-05-16T02:53:50","guid":{"rendered":"https:\/\/sana.sy\/es\/?p=329330"},"modified":"2024-05-16T05:53:50","modified_gmt":"2024-05-16T02:53:50","slug":"bahrein-reanuda-los-vuelos-regulares-con-siria","status":"publish","type":"post","link":"https:\/\/archive.sana.sy\/es\/?p=329330","title":{"rendered":"Bahr\u00e9in reanuda los vuelos regulares con Siria"},"content":{"rendered":"<p style=\"text-align: justify;\"><span style=\"color: #800000;\"><strong>Manama, 16 may (SANA)\u00a0<\/strong> <\/span>El Ministerio de Transportes y Comunicaciones de Bahr\u00e9in anunci\u00f3 la reanudaci\u00f3n de los vuelos regulares con Siria, mientras el Ministerio de Transportes sirio acogi\u00f3 con satisfacci\u00f3n la decisi\u00f3n y confirm\u00f3 la programaci\u00f3n de vuelos entre los aeropuertos de los dos pa\u00edses.<\/p>\n<p style=\"text-align: justify;\">\u201cLos detalles de los horarios y n\u00fameros de los vuelos que se programar\u00e1n se anunciar\u00e1n poco despu\u00e9s de completar todos los procedimientos y emitir las licencias oficiales a este respecto\u201d, inform\u00f3 el Ministerio de la naci\u00f3n del Golfo.<\/p>\n<p style=\"text-align: justify;\">Por su parte, el Ministerio de Transportes sirio acogi\u00f3 con satisfacci\u00f3n la decisi\u00f3n bahrein\u00ed de reanudar la operaci\u00f3n de vuelos a trav\u00e9s de Syria Airlines.<\/p>\n<p style=\"text-align: justify;\">El director general de Aviaci\u00f3n Civil Siria, Bassem Mansour, explic\u00f3 que se trabajar\u00e1 durante el pr\u00f3ximo per\u00edodo, en la programaci\u00f3n de vuelos regulares entre los aeropuertos de los dos pa\u00edses, en coordinaci\u00f3n y cooperaci\u00f3n con las autoridades encargadas del transporte a\u00e9reo.<\/p>\n<p style=\"text-align: justify;\">Se\u00f1al\u00f3 que las fechas y los horarios de los vuelos se anunciar\u00e1n tan pronto como se establezcan.<\/p>\n<p style=\"text-align: justify;\">fm<\/p>\n","protected":false},"excerpt":{"rendered":"<p>Manama, 16 may (SANA)\u00a0 El Ministerio de Transportes y Comunicaciones de Bahr\u00e9in anunci\u00f3 la reanudaci\u00f3n de los vuelos regulares con Siria, mientras el Ministerio de Transportes sirio acogi\u00f3 con satisfacci\u00f3n la decisi\u00f3n y confirm\u00f3 la programaci\u00f3n de vuelos entre los aeropuertos de los dos pa\u00edses. \u201cLos detalles de los horarios y n\u00fameros de los vuelos &hellip;<\/p>\n","protected":false},"author":34,"featured_media":329331,"comment_status":"closed","ping_status":"closed","sticky":false,"template":"","format":"standard","meta":{"footnotes":""},"categories":[597,16686,20724,476,467,7541],"tags":[],"class_list":["post-329330","post","type-post","status-publish","format-standard","has-post-thumbnail","","category-cinta-de-noticias","category-economia","category-minuto-a-minuto","category-locales","category-siria-y-el-mundo","category-ultimas-noticias"],"_links":{"self":[{"href":"https:\/\/archive.sana.sy\/es\/index.php?rest_route=\/wp\/v2\/posts\/329330"}],"collection":[{"href":"https:\/\/archive.sana.sy\/es\/index.php?rest_route=\/wp\/v2\/posts"}],"about":[{"href":"https:\/\/archive.sana.sy\/es\/index.php?rest_route=\/wp\/v2\/types\/post"}],"author":[{"embeddable":true,"href":"https:\/\/archive.sana.sy\/es\/index.php?rest_route=\/wp\/v2\/users\/34"}],"replies":[{"embeddable":true,"href":"https:\/\/archive.sana.sy\/es\/index.php?rest_route=%2Fwp%2Fv2%2Fcomments&post=329330"}],"version-history":[{"count":1,"href":"https:\/\/archive.sana.sy\/es\/index.php?rest_route=\/wp\/v2\/posts\/329330\/revisions"}],"predecessor-version":[{"id":329332,"href":"https:\/\/archive.sana.sy\/es\/index.php?rest_route=\/wp\/v2\/posts\/329330\/revisions\/329332"}],"wp:featuredmedia":[{"embeddable":true,"href":"https:\/\/archive.sana.sy\/es\/index.php?rest_route=\/wp\/v2\/media\/329331"}],"wp:attachment":[{"href":"https:\/\/archive.sana.sy\/es\/index.php?rest_route=%2Fwp%2Fv2%2Fmedia&parent=329330"}],"wp:term":[{"taxonomy":"category","embeddable":true,"href":"https:\/\/archive.sana.sy\/es\/index.php?rest_route=%2Fwp%2Fv2%2Fcategories&post=329330"},{"taxonomy":"post_tag","embeddable":true,"href":"https:\/\/archive.sana.sy\/es\/index.php?rest_route=%2Fwp%2Fv2%2Ftags&post=329330"}],"curies":[{"name":"wp","href":"https:\/\/api.w.org\/{rel}","templated":true}]}}