{"id":329343,"date":"2024-05-16T06:32:57","date_gmt":"2024-05-16T03:32:57","guid":{"rendered":"https:\/\/sana.sy\/es\/?p=329343"},"modified":"2024-05-16T06:32:57","modified_gmt":"2024-05-16T03:32:57","slug":"protesta-frente-al-parlamento-sueco-para-exigir-que-se-detenga-el-apoyo-a-israel","status":"publish","type":"post","link":"https:\/\/archive.sana.sy\/es\/?p=329343","title":{"rendered":"Protesta frente al Parlamento sueco para exigir que se detenga el apoyo a Israel"},"content":{"rendered":"<p style=\"text-align: justify;\"><span style=\"color: #800000;\"><strong>Estocolmo, 16 may (SANA)<\/strong> \u00a0<\/span>Varios activistas organizaron una manifestaci\u00f3n frente al Parlamento sueco para protestar por el apoyo del gobierno de su pa\u00eds al ocupante israel\u00ed.<\/p>\n<p style=\"text-align: justify;\">Los medios locales informaron que los manifestantes se reunieron frente al Parlamento y levantaron pancartas que dec\u00edan &#8220;Alto al genocidio en Gaza&#8221;, &#8220;No a la ocupaci\u00f3n&#8221; y &#8220;Palestina libre&#8221;.<\/p>\n<p style=\"text-align: justify;\">Los manifestantes exigieron al gobierno de su pa\u00eds que dejara de apoyar a &#8220;Israel&#8221;.<\/p>\n<p style=\"text-align: justify;\">Las protestas y manifestaciones de solidaridad con Palestina contin\u00faan en varios pa\u00edses del mundo, incluido Estados Unidos, que apoya la entidad ocupante.<\/p>\n<p style=\"text-align: justify;\">fm<\/p>\n","protected":false},"excerpt":{"rendered":"<p>Estocolmo, 16 may (SANA) \u00a0Varios activistas organizaron una manifestaci\u00f3n frente al Parlamento sueco para protestar por el apoyo del gobierno de su pa\u00eds al ocupante israel\u00ed. Los medios locales informaron que los manifestantes se reunieron frente al Parlamento y levantaron pancartas que dec\u00edan &#8220;Alto al genocidio en Gaza&#8221;, &#8220;No a la ocupaci\u00f3n&#8221; y &#8220;Palestina libre&#8221;. &hellip;<\/p>\n","protected":false},"author":34,"featured_media":329344,"comment_status":"closed","ping_status":"closed","sticky":false,"template":"","format":"standard","meta":{"footnotes":""},"categories":[597,456,20724,7541],"tags":[],"class_list":["post-329343","post","type-post","status-publish","format-standard","has-post-thumbnail","","category-cinta-de-noticias","category-arabe-internacional-politica","category-minuto-a-minuto","category-ultimas-noticias"],"_links":{"self":[{"href":"https:\/\/archive.sana.sy\/es\/index.php?rest_route=\/wp\/v2\/posts\/329343"}],"collection":[{"href":"https:\/\/archive.sana.sy\/es\/index.php?rest_route=\/wp\/v2\/posts"}],"about":[{"href":"https:\/\/archive.sana.sy\/es\/index.php?rest_route=\/wp\/v2\/types\/post"}],"author":[{"embeddable":true,"href":"https:\/\/archive.sana.sy\/es\/index.php?rest_route=\/wp\/v2\/users\/34"}],"replies":[{"embeddable":true,"href":"https:\/\/archive.sana.sy\/es\/index.php?rest_route=%2Fwp%2Fv2%2Fcomments&post=329343"}],"version-history":[{"count":1,"href":"https:\/\/archive.sana.sy\/es\/index.php?rest_route=\/wp\/v2\/posts\/329343\/revisions"}],"predecessor-version":[{"id":329345,"href":"https:\/\/archive.sana.sy\/es\/index.php?rest_route=\/wp\/v2\/posts\/329343\/revisions\/329345"}],"wp:featuredmedia":[{"embeddable":true,"href":"https:\/\/archive.sana.sy\/es\/index.php?rest_route=\/wp\/v2\/media\/329344"}],"wp:attachment":[{"href":"https:\/\/archive.sana.sy\/es\/index.php?rest_route=%2Fwp%2Fv2%2Fmedia&parent=329343"}],"wp:term":[{"taxonomy":"category","embeddable":true,"href":"https:\/\/archive.sana.sy\/es\/index.php?rest_route=%2Fwp%2Fv2%2Fcategories&post=329343"},{"taxonomy":"post_tag","embeddable":true,"href":"https:\/\/archive.sana.sy\/es\/index.php?rest_route=%2Fwp%2Fv2%2Ftags&post=329343"}],"curies":[{"name":"wp","href":"https:\/\/api.w.org\/{rel}","templated":true}]}}