{"id":329353,"date":"2024-05-16T10:22:33","date_gmt":"2024-05-16T07:22:33","guid":{"rendered":"https:\/\/sana.sy\/es\/?p=329353"},"modified":"2024-05-16T17:34:04","modified_gmt":"2024-05-16T14:34:04","slug":"cumbre-arabe-inicia-hoy-en-bahrein-con-la-participacion-de-siria","status":"publish","type":"post","link":"https:\/\/archive.sana.sy\/es\/?p=329353","title":{"rendered":"Cumbre \u00c1rabe inicia hoy en Bahr\u00e9in con la participaci\u00f3n de Siria"},"content":{"rendered":"<p style=\"text-align: justify;\"><span style=\"color: #800000;\"><strong>Damasco, 16 may (SANA)<\/strong> <\/span>La trig\u00e9simo tercera Cumbre de Consejo de la Liga \u00c1rabe inicia hoy en Manama, la capital de Bahr\u00e9in, en presencia de varios l\u00edderes, presidentes, reyes y pr\u00edncipes de los pa\u00edses \u00e1rabes y jefes de las delegaciones participantes.<\/p>\n<p style=\"text-align: justify;\">El evento abordar\u00e1 varios temas pol\u00edticos, de seguridad, econ\u00f3micos, sociales y culturales que se incluyeron en la agenda de la reuni\u00f3n de los ministros de Asuntos Exteriores \u00e1rabes.<\/p>\n<p style=\"text-align: justify;\">El pasado d\u00eda 12 de este mes, se celebr\u00f3 una reuni\u00f3n del Consejo Econ\u00f3mico y Social a nivel ministerial en preparaci\u00f3n para la Cumbre, donde se discutieron una serie de temas, el m\u00e1s importante de los cuales fue un plan de respuesta de emergencia para hacer frente a las repercusiones econ\u00f3micas y sociales de la agresi\u00f3n israel\u00ed a la Franja de Gaza, adem\u00e1s de los avances realizados en la culminaci\u00f3n de la Gran Zona \u00c1rabe de Libre Comercio y el establecimiento de la Uni\u00f3n Aduanera \u00c1rabe.<\/p>\n<p>fm\/ed<\/p>\n","protected":false},"excerpt":{"rendered":"<p>Damasco, 16 may (SANA) La trig\u00e9simo tercera Cumbre de Consejo de la Liga \u00c1rabe inicia hoy en Manama, la capital de Bahr\u00e9in, en presencia de varios l\u00edderes, presidentes, reyes y pr\u00edncipes de los pa\u00edses \u00e1rabes y jefes de las delegaciones participantes. El evento abordar\u00e1 varios temas pol\u00edticos, de seguridad, econ\u00f3micos, sociales y culturales que se &hellip;<\/p>\n","protected":false},"author":32,"featured_media":329354,"comment_status":"closed","ping_status":"closed","sticky":false,"template":"","format":"standard","meta":{"footnotes":""},"categories":[597,20724,467,7541],"tags":[],"class_list":["post-329353","post","type-post","status-publish","format-standard","has-post-thumbnail","","category-cinta-de-noticias","category-minuto-a-minuto","category-siria-y-el-mundo","category-ultimas-noticias"],"_links":{"self":[{"href":"https:\/\/archive.sana.sy\/es\/index.php?rest_route=\/wp\/v2\/posts\/329353"}],"collection":[{"href":"https:\/\/archive.sana.sy\/es\/index.php?rest_route=\/wp\/v2\/posts"}],"about":[{"href":"https:\/\/archive.sana.sy\/es\/index.php?rest_route=\/wp\/v2\/types\/post"}],"author":[{"embeddable":true,"href":"https:\/\/archive.sana.sy\/es\/index.php?rest_route=\/wp\/v2\/users\/32"}],"replies":[{"embeddable":true,"href":"https:\/\/archive.sana.sy\/es\/index.php?rest_route=%2Fwp%2Fv2%2Fcomments&post=329353"}],"version-history":[{"count":1,"href":"https:\/\/archive.sana.sy\/es\/index.php?rest_route=\/wp\/v2\/posts\/329353\/revisions"}],"predecessor-version":[{"id":329355,"href":"https:\/\/archive.sana.sy\/es\/index.php?rest_route=\/wp\/v2\/posts\/329353\/revisions\/329355"}],"wp:featuredmedia":[{"embeddable":true,"href":"https:\/\/archive.sana.sy\/es\/index.php?rest_route=\/wp\/v2\/media\/329354"}],"wp:attachment":[{"href":"https:\/\/archive.sana.sy\/es\/index.php?rest_route=%2Fwp%2Fv2%2Fmedia&parent=329353"}],"wp:term":[{"taxonomy":"category","embeddable":true,"href":"https:\/\/archive.sana.sy\/es\/index.php?rest_route=%2Fwp%2Fv2%2Fcategories&post=329353"},{"taxonomy":"post_tag","embeddable":true,"href":"https:\/\/archive.sana.sy\/es\/index.php?rest_route=%2Fwp%2Fv2%2Ftags&post=329353"}],"curies":[{"name":"wp","href":"https:\/\/api.w.org\/{rel}","templated":true}]}}