{"id":329357,"date":"2024-05-16T11:39:18","date_gmt":"2024-05-16T08:39:18","guid":{"rendered":"https:\/\/sana.sy\/es\/?p=329357"},"modified":"2024-05-16T11:39:18","modified_gmt":"2024-05-16T08:39:18","slug":"%e2%9a%a1%ef%b8%8f%f0%9f%87%b8%f0%9f%87%be-el-presidente-sirio-bashar-al-assad-llega-a-manama-la-capital-de-bahrein-para-participar-en-la-trigesima-tercera-cumbre-arabe","status":"publish","type":"post","link":"https:\/\/archive.sana.sy\/es\/?p=329357","title":{"rendered":"\u26a1\ufe0f???????? El presidente sirio Bashar Al-Assad llega a Manama, la capital de Bahr\u00e9in, para participar en la trig\u00e9sima tercera Cumbre \u00c1rabe."},"content":{"rendered":"","protected":false},"excerpt":{"rendered":"","protected":false},"author":32,"featured_media":0,"comment_status":"closed","ping_status":"closed","sticky":false,"template":"","format":"standard","meta":{"footnotes":""},"categories":[20724,596],"tags":[],"class_list":["post-329357","post","type-post","status-publish","format-standard","","category-minuto-a-minuto","category-urgente"],"_links":{"self":[{"href":"https:\/\/archive.sana.sy\/es\/index.php?rest_route=\/wp\/v2\/posts\/329357"}],"collection":[{"href":"https:\/\/archive.sana.sy\/es\/index.php?rest_route=\/wp\/v2\/posts"}],"about":[{"href":"https:\/\/archive.sana.sy\/es\/index.php?rest_route=\/wp\/v2\/types\/post"}],"author":[{"embeddable":true,"href":"https:\/\/archive.sana.sy\/es\/index.php?rest_route=\/wp\/v2\/users\/32"}],"replies":[{"embeddable":true,"href":"https:\/\/archive.sana.sy\/es\/index.php?rest_route=%2Fwp%2Fv2%2Fcomments&post=329357"}],"version-history":[{"count":1,"href":"https:\/\/archive.sana.sy\/es\/index.php?rest_route=\/wp\/v2\/posts\/329357\/revisions"}],"predecessor-version":[{"id":329358,"href":"https:\/\/archive.sana.sy\/es\/index.php?rest_route=\/wp\/v2\/posts\/329357\/revisions\/329358"}],"wp:attachment":[{"href":"https:\/\/archive.sana.sy\/es\/index.php?rest_route=%2Fwp%2Fv2%2Fmedia&parent=329357"}],"wp:term":[{"taxonomy":"category","embeddable":true,"href":"https:\/\/archive.sana.sy\/es\/index.php?rest_route=%2Fwp%2Fv2%2Fcategories&post=329357"},{"taxonomy":"post_tag","embeddable":true,"href":"https:\/\/archive.sana.sy\/es\/index.php?rest_route=%2Fwp%2Fv2%2Ftags&post=329357"}],"curies":[{"name":"wp","href":"https:\/\/api.w.org\/{rel}","templated":true}]}}