{"id":329362,"date":"2024-05-16T12:11:39","date_gmt":"2024-05-16T09:11:39","guid":{"rendered":"https:\/\/sana.sy\/es\/?p=329362"},"modified":"2024-05-16T13:49:49","modified_gmt":"2024-05-16T10:49:49","slug":"presidente-al-assad-llega-a-manama-para-participar-en-la-cumbre-arabe","status":"publish","type":"post","link":"https:\/\/archive.sana.sy\/es\/?p=329362","title":{"rendered":"Presidente Al-Assad llega a Manama para participar en la Cumbre \u00c1rabe (+ fotos+ v\u00eddeo)"},"content":{"rendered":"<p style=\"text-align: justify;\"><span style=\"color: #800000;\"><strong>Manama, 16 may (SANA)\u00a0 \u00a0<\/strong><\/span>El presidente sirio Bashar Al-Assad, lleg\u00f3 hoy a Manama, la capital de Bahrein, para participar en la trig\u00e9sima tercera cumbre \u00e1rabe.<\/p>\n<p style=\"text-align: justify;\">La delegaci\u00f3n oficial que acompa\u00f1a al mandatario incluye al ministro de Asuntos Exteriores y Expatriados, Faisal Al-Mekdad, el vicecanciller Bassam Sabbagh, el ministro adjunto de Asuntos Exteriores, Habib Abbas, el embajador de Siria en Bahrein, Muhammad Ali Ibrahim, y el representante permanente de Siria ante la Liga de Estados \u00c1rabes, Hussam Al-Din Ala.<\/p>\n<p style=\"text-align: justify;\">Al-Assad fue recibido por Su Alteza el Jeque Abdullah bin Hamad bin Isa Al Khalifa, el representante personal del Rey de Bahr\u00e9in, y por el subsecretario del Ministerio de Asuntos Exteriores, Abdullah bin Ahmed bin Abdullah Al Khalifa, y el subsecretario General de la Liga de los Estados \u00c1rabes, Ahmed Rashid Khattabi.<\/p>\n<p>&nbsp;<\/p>\n<div id='gallery-1' class='gallery galleryid-329362 gallery-columns-1 gallery-size-full'><figure class='gallery-item'>\n\t\t\t<div class='gallery-icon landscape'>\n\t\t\t\t<a href='https:\/\/archive.sana.sy\/es\/wp-content\/uploads\/2024\/05\/photo_2024-05-16_12-53-58-4.jpg'><img loading=\"lazy\" decoding=\"async\" width=\"1280\" height=\"866\" src=\"https:\/\/archive.sana.sy\/es\/wp-content\/uploads\/2024\/05\/photo_2024-05-16_12-53-58-4.jpg\" class=\"attachment-full size-full\" alt=\"\" srcset=\"https:\/\/archive.sana.sy\/es\/wp-content\/uploads\/2024\/05\/photo_2024-05-16_12-53-58-4.jpg 1280w, https:\/\/archive.sana.sy\/es\/wp-content\/uploads\/2024\/05\/photo_2024-05-16_12-53-58-4-300x203.jpg 300w, https:\/\/archive.sana.sy\/es\/wp-content\/uploads\/2024\/05\/photo_2024-05-16_12-53-58-4-1024x693.jpg 1024w, https:\/\/archive.sana.sy\/es\/wp-content\/uploads\/2024\/05\/photo_2024-05-16_12-53-58-4-150x101.jpg 150w, https:\/\/archive.sana.sy\/es\/wp-content\/uploads\/2024\/05\/photo_2024-05-16_12-53-58-4-768x520.jpg 768w, https:\/\/archive.sana.sy\/es\/wp-content\/uploads\/2024\/05\/photo_2024-05-16_12-53-58-4-110x75.jpg 110w\" sizes=\"(max-width: 1280px) 100vw, 1280px\" \/><\/a>\n\t\t\t<\/div><\/figure><figure class='gallery-item'>\n\t\t\t<div class='gallery-icon landscape'>\n\t\t\t\t<a href='https:\/\/archive.sana.sy\/es\/wp-content\/uploads\/2024\/05\/4-24-1.jpg'><img loading=\"lazy\" decoding=\"async\" width=\"1200\" height=\"800\" src=\"https:\/\/archive.sana.sy\/es\/wp-content\/uploads\/2024\/05\/4-24-1.jpg\" class=\"attachment-full size-full\" alt=\"\" srcset=\"https:\/\/archive.sana.sy\/es\/wp-content\/uploads\/2024\/05\/4-24-1.jpg 1200w, https:\/\/archive.sana.sy\/es\/wp-content\/uploads\/2024\/05\/4-24-1-300x200.jpg 300w, https:\/\/archive.sana.sy\/es\/wp-content\/uploads\/2024\/05\/4-24-1-1024x683.jpg 1024w, https:\/\/archive.sana.sy\/es\/wp-content\/uploads\/2024\/05\/4-24-1-150x100.jpg 150w, https:\/\/archive.sana.sy\/es\/wp-content\/uploads\/2024\/05\/4-24-1-768x512.jpg 768w\" sizes=\"(max-width: 1200px) 100vw, 1200px\" \/><\/a>\n\t\t\t<\/div><\/figure><figure class='gallery-item'>\n\t\t\t<div class='gallery-icon landscape'>\n\t\t\t\t<a href='https:\/\/archive.sana.sy\/es\/wp-content\/uploads\/2024\/05\/photo_2024-05-16_12-53-58-3.jpg'><img loading=\"lazy\" decoding=\"async\" width=\"1280\" height=\"853\" src=\"https:\/\/archive.sana.sy\/es\/wp-content\/uploads\/2024\/05\/photo_2024-05-16_12-53-58-3.jpg\" class=\"attachment-full size-full\" alt=\"\" srcset=\"https:\/\/archive.sana.sy\/es\/wp-content\/uploads\/2024\/05\/photo_2024-05-16_12-53-58-3.jpg 1280w, https:\/\/archive.sana.sy\/es\/wp-content\/uploads\/2024\/05\/photo_2024-05-16_12-53-58-3-300x200.jpg 300w, https:\/\/archive.sana.sy\/es\/wp-content\/uploads\/2024\/05\/photo_2024-05-16_12-53-58-3-1024x682.jpg 1024w, https:\/\/archive.sana.sy\/es\/wp-content\/uploads\/2024\/05\/photo_2024-05-16_12-53-58-3-150x100.jpg 150w, https:\/\/archive.sana.sy\/es\/wp-content\/uploads\/2024\/05\/photo_2024-05-16_12-53-58-3-768x512.jpg 768w\" sizes=\"(max-width: 1280px) 100vw, 1280px\" \/><\/a>\n\t\t\t<\/div><\/figure>\n\t\t<\/div>\n\n<p><iframe loading=\"lazy\" title=\"Presidente Al-Assad llega a Manama para participar en la Cumbre \u00c1rabe\" src=\"https:\/\/www.youtube.com\/embed\/-TY5YONzKQw\" width=\"640\" height=\"480\" frameborder=\"0\" allowfullscreen=\"allowfullscreen\"><\/iframe><\/p>\n<p style=\"text-align: justify;\"><strong>fm\/ws<\/strong><\/p>\n","protected":false},"excerpt":{"rendered":"<p>Manama, 16 may (SANA)\u00a0 \u00a0El presidente sirio Bashar Al-Assad, lleg\u00f3 hoy a Manama, la capital de Bahrein, para participar en la trig\u00e9sima tercera cumbre \u00e1rabe. La delegaci\u00f3n oficial que acompa\u00f1a al mandatario incluye al ministro de Asuntos Exteriores y Expatriados, Faisal Al-Mekdad, el vicecanciller Bassam Sabbagh, el ministro adjunto de Asuntos Exteriores, Habib Abbas, el &hellip;<\/p>\n","protected":false},"author":35,"featured_media":329368,"comment_status":"closed","ping_status":"closed","sticky":false,"template":"","format":"standard","meta":{"footnotes":""},"categories":[447,477,597,20724,467,583],"tags":[],"class_list":["post-329362","post","type-post","status-publish","format-standard","has-post-thumbnail","","category-local-politica","category-noticias-edulcorantes","category-cinta-de-noticias","category-minuto-a-minuto","category-siria-y-el-mundo","category-slide"],"_links":{"self":[{"href":"https:\/\/archive.sana.sy\/es\/index.php?rest_route=\/wp\/v2\/posts\/329362"}],"collection":[{"href":"https:\/\/archive.sana.sy\/es\/index.php?rest_route=\/wp\/v2\/posts"}],"about":[{"href":"https:\/\/archive.sana.sy\/es\/index.php?rest_route=\/wp\/v2\/types\/post"}],"author":[{"embeddable":true,"href":"https:\/\/archive.sana.sy\/es\/index.php?rest_route=\/wp\/v2\/users\/35"}],"replies":[{"embeddable":true,"href":"https:\/\/archive.sana.sy\/es\/index.php?rest_route=%2Fwp%2Fv2%2Fcomments&post=329362"}],"version-history":[{"count":8,"href":"https:\/\/archive.sana.sy\/es\/index.php?rest_route=\/wp\/v2\/posts\/329362\/revisions"}],"predecessor-version":[{"id":329380,"href":"https:\/\/archive.sana.sy\/es\/index.php?rest_route=\/wp\/v2\/posts\/329362\/revisions\/329380"}],"wp:featuredmedia":[{"embeddable":true,"href":"https:\/\/archive.sana.sy\/es\/index.php?rest_route=\/wp\/v2\/media\/329368"}],"wp:attachment":[{"href":"https:\/\/archive.sana.sy\/es\/index.php?rest_route=%2Fwp%2Fv2%2Fmedia&parent=329362"}],"wp:term":[{"taxonomy":"category","embeddable":true,"href":"https:\/\/archive.sana.sy\/es\/index.php?rest_route=%2Fwp%2Fv2%2Fcategories&post=329362"},{"taxonomy":"post_tag","embeddable":true,"href":"https:\/\/archive.sana.sy\/es\/index.php?rest_route=%2Fwp%2Fv2%2Ftags&post=329362"}],"curies":[{"name":"wp","href":"https:\/\/api.w.org\/{rel}","templated":true}]}}