{"id":329381,"date":"2024-05-16T14:11:13","date_gmt":"2024-05-16T11:11:13","guid":{"rendered":"https:\/\/sana.sy\/es\/?p=329381"},"modified":"2024-05-16T14:11:13","modified_gmt":"2024-05-16T11:11:13","slug":"inicia-la-trigesima-tercera-cumbre-arabe-en-bahreinel-presidente-al-assad-no-pronunciara-un-discurso-durante-la-cumbre-ya-que-las-postura-de-siria-son-claras-sobre-las-cuestiones-en-la-agend","status":"publish","type":"post","link":"https:\/\/archive.sana.sy\/es\/?p=329381","title":{"rendered":"Inicia la trig\u00e9sima tercera Cumbre \u00c1rabe en Bahr\u00e9in\u2026El presidente Al-Assad no pronunciar\u00e1 un discurso durante la cumbre, ya que las postura de Siria son claras sobre las cuestiones en la agenda del evento, incluidos el arabismo, la cuesti\u00f3n palestina, el conflicto \u00e1rabe-israel\u00ed y reforma de la Liga \u00c1rabe"},"content":{"rendered":"<p>&nbsp;<\/p>\n","protected":false},"excerpt":{"rendered":"<p>&nbsp;<\/p>\n","protected":false},"author":35,"featured_media":0,"comment_status":"closed","ping_status":"closed","sticky":false,"template":"","format":"standard","meta":{"footnotes":""},"categories":[596],"tags":[],"class_list":["post-329381","post","type-post","status-publish","format-standard","","category-urgente"],"_links":{"self":[{"href":"https:\/\/archive.sana.sy\/es\/index.php?rest_route=\/wp\/v2\/posts\/329381"}],"collection":[{"href":"https:\/\/archive.sana.sy\/es\/index.php?rest_route=\/wp\/v2\/posts"}],"about":[{"href":"https:\/\/archive.sana.sy\/es\/index.php?rest_route=\/wp\/v2\/types\/post"}],"author":[{"embeddable":true,"href":"https:\/\/archive.sana.sy\/es\/index.php?rest_route=\/wp\/v2\/users\/35"}],"replies":[{"embeddable":true,"href":"https:\/\/archive.sana.sy\/es\/index.php?rest_route=%2Fwp%2Fv2%2Fcomments&post=329381"}],"version-history":[{"count":1,"href":"https:\/\/archive.sana.sy\/es\/index.php?rest_route=\/wp\/v2\/posts\/329381\/revisions"}],"predecessor-version":[{"id":329388,"href":"https:\/\/archive.sana.sy\/es\/index.php?rest_route=\/wp\/v2\/posts\/329381\/revisions\/329388"}],"wp:attachment":[{"href":"https:\/\/archive.sana.sy\/es\/index.php?rest_route=%2Fwp%2Fv2%2Fmedia&parent=329381"}],"wp:term":[{"taxonomy":"category","embeddable":true,"href":"https:\/\/archive.sana.sy\/es\/index.php?rest_route=%2Fwp%2Fv2%2Fcategories&post=329381"},{"taxonomy":"post_tag","embeddable":true,"href":"https:\/\/archive.sana.sy\/es\/index.php?rest_route=%2Fwp%2Fv2%2Ftags&post=329381"}],"curies":[{"name":"wp","href":"https:\/\/api.w.org\/{rel}","templated":true}]}}