{"id":329382,"date":"2024-05-16T13:55:59","date_gmt":"2024-05-16T10:55:59","guid":{"rendered":"http:\/\/sana.sy\/es\/?p=329382"},"modified":"2024-05-16T13:56:33","modified_gmt":"2024-05-16T10:56:33","slug":"reportan-muertos-y-heridos-entre-palestinos-en-nueva-jornada-de-bombardeos-israelies-contra-gaza","status":"publish","type":"post","link":"https:\/\/archive.sana.sy\/es\/?p=329382","title":{"rendered":"Reportan muertos y heridos entre palestinos en nueva jornada de bombardeos israel\u00edes contra Gaza"},"content":{"rendered":"<p style=\"text-align: justify;\"><span style=\"color: #800000;\"><strong>Jerusal\u00e9n ocupada, 16 may (SANA)<\/strong><\/span> Varios palestinos perdieron la vida y otros resultaron heridos en el d\u00eda 223 de agresi\u00f3n israel\u00ed contra la Franja de Gaza.<\/p>\n<p style=\"text-align: justify;\">Medios de prensa palestinos informaron que el ocupante bombarde\u00f3 con aviones y artiller\u00eda zonas residenciales en Raf\u00e1, Jan Yunis, Jabalia y la ciudad de Gaza.<\/p>\n<p style=\"text-align: justify;\">Los bombardeos causaron la muerte de decenas de palestinos mientras dos param\u00e9dicos resultaron heridos por un ataque con dron contra una ambulancia en el campo de Jabalia.<\/p>\n<p style=\"text-align: justify;\">El Ministerio de Salud palestino anunci\u00f3 que el n\u00famero total de v\u00edctimas de la actual agresi\u00f3n israel\u00ed contra la Franja de Gaza desde el 7 de octubre pasado aument\u00f3 a 35.233 muertos y 79.141 heridos.<\/p>\n<p>ED\/FM<\/p>\n","protected":false},"excerpt":{"rendered":"<p>Jerusal\u00e9n ocupada, 16 may (SANA) Varios palestinos perdieron la vida y otros resultaron heridos en el d\u00eda 223 de agresi\u00f3n israel\u00ed contra la Franja de Gaza. Medios de prensa palestinos informaron que el ocupante bombarde\u00f3 con aviones y artiller\u00eda zonas residenciales en Raf\u00e1, Jan Yunis, Jabalia y la ciudad de Gaza. Los bombardeos causaron la &hellip;<\/p>\n","protected":false},"author":32,"featured_media":329385,"comment_status":"closed","ping_status":"closed","sticky":false,"template":"","format":"standard","meta":{"footnotes":""},"categories":[597,456,20724,7541],"tags":[],"class_list":["post-329382","post","type-post","status-publish","format-standard","has-post-thumbnail","","category-cinta-de-noticias","category-arabe-internacional-politica","category-minuto-a-minuto","category-ultimas-noticias"],"_links":{"self":[{"href":"https:\/\/archive.sana.sy\/es\/index.php?rest_route=\/wp\/v2\/posts\/329382"}],"collection":[{"href":"https:\/\/archive.sana.sy\/es\/index.php?rest_route=\/wp\/v2\/posts"}],"about":[{"href":"https:\/\/archive.sana.sy\/es\/index.php?rest_route=\/wp\/v2\/types\/post"}],"author":[{"embeddable":true,"href":"https:\/\/archive.sana.sy\/es\/index.php?rest_route=\/wp\/v2\/users\/32"}],"replies":[{"embeddable":true,"href":"https:\/\/archive.sana.sy\/es\/index.php?rest_route=%2Fwp%2Fv2%2Fcomments&post=329382"}],"version-history":[{"count":1,"href":"https:\/\/archive.sana.sy\/es\/index.php?rest_route=\/wp\/v2\/posts\/329382\/revisions"}],"predecessor-version":[{"id":329384,"href":"https:\/\/archive.sana.sy\/es\/index.php?rest_route=\/wp\/v2\/posts\/329382\/revisions\/329384"}],"wp:featuredmedia":[{"embeddable":true,"href":"https:\/\/archive.sana.sy\/es\/index.php?rest_route=\/wp\/v2\/media\/329385"}],"wp:attachment":[{"href":"https:\/\/archive.sana.sy\/es\/index.php?rest_route=%2Fwp%2Fv2%2Fmedia&parent=329382"}],"wp:term":[{"taxonomy":"category","embeddable":true,"href":"https:\/\/archive.sana.sy\/es\/index.php?rest_route=%2Fwp%2Fv2%2Fcategories&post=329382"},{"taxonomy":"post_tag","embeddable":true,"href":"https:\/\/archive.sana.sy\/es\/index.php?rest_route=%2Fwp%2Fv2%2Ftags&post=329382"}],"curies":[{"name":"wp","href":"https:\/\/api.w.org\/{rel}","templated":true}]}}