{"id":329413,"date":"2024-05-16T16:36:12","date_gmt":"2024-05-16T13:36:12","guid":{"rendered":"https:\/\/sana.sy\/es\/?p=329413"},"modified":"2024-05-16T20:06:12","modified_gmt":"2024-05-16T17:06:12","slug":"presidente-sirio-y-principe-heredero-saudita-sostienen-reunion-bilateral","status":"publish","type":"post","link":"https:\/\/archive.sana.sy\/es\/?p=329413","title":{"rendered":"Presidente sirio y pr\u00edncipe heredero saudita sostienen reuni\u00f3n bilateral"},"content":{"rendered":"<p style=\"text-align: justify;\"><span style=\"color: #800000;\"><strong>Manama, 16 may (SANA)<\/strong> <\/span>El presidente sirio Bashar Al-Assad se reuni\u00f3 hoy con el pr\u00edncipe heredero y primer ministro de Arabia Saudita, Mohammed bin Salman Al Saud.<\/p>\n<p style=\"text-align: justify;\">La cita tuvo lugar en el marco de la 33\u00aa Cumbre \u00c1rabe que se celebra en Manama, la capital de Bahr\u00e9in.<\/p>\n<p style=\"text-align: justify;\">Ambos titulares abordaron las relaciones bilaterales y las formas de fortalecerlas de una manera que sirva a los dos pa\u00edses y pueblos hermanos, contribuya a la estabilidad de la regi\u00f3n e impulse la cooperaci\u00f3n entre los pa\u00edses \u00e1rabes.<\/p>\n<p style=\"text-align: justify;\">El presidente al-Assad se\u00f1al\u00f3 la necesidad de desarrollar mecanismos de cooperaci\u00f3n y coordinaci\u00f3n entre las naciones \u00e1rabes, y destac\u00f3 el papel de Arabia Saudita en este \u00e1mbito.<\/p>\n<p style=\"text-align: justify;\">Por su parte, el pr\u00edncipe Mohammed bin Salman enfatiz\u00f3 la necesidad de fortalecer el di\u00e1logo entre los dos pa\u00edses y destac\u00f3 la importancia del fuerte retorno de Siria como inter\u00e9s para todos los \u00e1rabes.<\/p>\n<p style=\"text-align: justify;\">fm\/sm<\/p>\n","protected":false},"excerpt":{"rendered":"<p>Manama, 16 may (SANA) El presidente sirio Bashar Al-Assad se reuni\u00f3 hoy con el pr\u00edncipe heredero y primer ministro de Arabia Saudita, Mohammed bin Salman Al Saud. La cita tuvo lugar en el marco de la 33\u00aa Cumbre \u00c1rabe que se celebra en Manama, la capital de Bahr\u00e9in. Ambos titulares abordaron las relaciones bilaterales y &hellip;<\/p>\n","protected":false},"author":39,"featured_media":329414,"comment_status":"closed","ping_status":"closed","sticky":false,"template":"","format":"standard","meta":{"footnotes":""},"categories":[597,20724,16237,467,583,626],"tags":[],"class_list":["post-329413","post","type-post","status-publish","format-standard","has-post-thumbnail","","category-cinta-de-noticias","category-minuto-a-minuto","category-presidence-de-la-republique-arabe-syria","category-siria-y-el-mundo","category-slide","category-sr-presidente"],"_links":{"self":[{"href":"https:\/\/archive.sana.sy\/es\/index.php?rest_route=\/wp\/v2\/posts\/329413"}],"collection":[{"href":"https:\/\/archive.sana.sy\/es\/index.php?rest_route=\/wp\/v2\/posts"}],"about":[{"href":"https:\/\/archive.sana.sy\/es\/index.php?rest_route=\/wp\/v2\/types\/post"}],"author":[{"embeddable":true,"href":"https:\/\/archive.sana.sy\/es\/index.php?rest_route=\/wp\/v2\/users\/39"}],"replies":[{"embeddable":true,"href":"https:\/\/archive.sana.sy\/es\/index.php?rest_route=%2Fwp%2Fv2%2Fcomments&post=329413"}],"version-history":[{"count":5,"href":"https:\/\/archive.sana.sy\/es\/index.php?rest_route=\/wp\/v2\/posts\/329413\/revisions"}],"predecessor-version":[{"id":329442,"href":"https:\/\/archive.sana.sy\/es\/index.php?rest_route=\/wp\/v2\/posts\/329413\/revisions\/329442"}],"wp:featuredmedia":[{"embeddable":true,"href":"https:\/\/archive.sana.sy\/es\/index.php?rest_route=\/wp\/v2\/media\/329414"}],"wp:attachment":[{"href":"https:\/\/archive.sana.sy\/es\/index.php?rest_route=%2Fwp%2Fv2%2Fmedia&parent=329413"}],"wp:term":[{"taxonomy":"category","embeddable":true,"href":"https:\/\/archive.sana.sy\/es\/index.php?rest_route=%2Fwp%2Fv2%2Fcategories&post=329413"},{"taxonomy":"post_tag","embeddable":true,"href":"https:\/\/archive.sana.sy\/es\/index.php?rest_route=%2Fwp%2Fv2%2Ftags&post=329413"}],"curies":[{"name":"wp","href":"https:\/\/api.w.org\/{rel}","templated":true}]}}