{"id":329416,"date":"2024-05-16T17:18:11","date_gmt":"2024-05-16T14:18:11","guid":{"rendered":"https:\/\/sana.sy\/es\/?p=329416"},"modified":"2024-05-16T17:18:11","modified_gmt":"2024-05-16T14:18:11","slug":"putin-en-un-mensaje-a-la-cumbre-arabe-llama-a-una-solucion-justa-a-la-causa-palestina","status":"publish","type":"post","link":"https:\/\/archive.sana.sy\/es\/?p=329416","title":{"rendered":"Putin en un mensaje a la Cumbre \u00c1rabe llama a una soluci\u00f3n justa a la causa palestina"},"content":{"rendered":"<p style=\"text-align: justify;\"><span style=\"color: #800000;\"><strong>Mosc\u00fa, 16 may (SANA)\u00a0<\/strong><\/span> El presidente ruso, Vladimir Putin, destac\u00f3 un mensaje que envi\u00f3 a los participantes en la 33\u00aa Cumbre \u00c1rabe celebrada en Bahr\u00e9in que encontrar una soluci\u00f3n justa a la cuesti\u00f3n palestina se ha vuelto particularmente urgente a la luz de la escalada sin precedentes que est\u00e1 teniendo lugar en Medio Oriente.<\/p>\n<p style=\"text-align: justify;\">\u00a0\u201cOriente Medio atraviesa una de las crisis m\u00e1s graves de su historia, ya que la guerra librada por \u201cIsrael\u201d se ha cobrado la vida de decenas de miles de civiles y provoc\u00f3 un fuerte aumento de la tensi\u00f3n en los pa\u00edses vecinos y en toda la regi\u00f3n\u201d, expres\u00f3 el mandatario en mensaje.<\/p>\n<p style=\"text-align: justify;\">Asimismo, el presidente del gigante euroasi\u00e1tico enfatiz\u00f3 la determinaci\u00f3n de su pa\u00eds de continuar apoyando activamente los esfuerzos pol\u00edticos y diplom\u00e1ticos colectivos realizados por los socios \u00e1rabes para resolver r\u00e1pidamente las contradicciones existentes.<\/p>\n<p style=\"text-align: justify;\">Adem\u00e1s, llam\u00f3 a una soluci\u00f3n sostenible y permanente a la situaci\u00f3n en los territorios palestinos y en otras \u00e1reas de conflicto con respeto a la soberan\u00eda de todos los pa\u00edses de la regi\u00f3n y al Derecho Internacional.<\/p>\n<p style=\"text-align: justify;\">sm<\/p>\n","protected":false},"excerpt":{"rendered":"<p>Mosc\u00fa, 16 may (SANA)\u00a0 El presidente ruso, Vladimir Putin, destac\u00f3 un mensaje que envi\u00f3 a los participantes en la 33\u00aa Cumbre \u00c1rabe celebrada en Bahr\u00e9in que encontrar una soluci\u00f3n justa a la cuesti\u00f3n palestina se ha vuelto particularmente urgente a la luz de la escalada sin precedentes que est\u00e1 teniendo lugar en Medio Oriente. \u00a0\u201cOriente &hellip;<\/p>\n","protected":false},"author":39,"featured_media":329417,"comment_status":"closed","ping_status":"closed","sticky":false,"template":"","format":"standard","meta":{"footnotes":""},"categories":[597,456,16687,20724,7541],"tags":[],"class_list":["post-329416","post","type-post","status-publish","format-standard","has-post-thumbnail","","category-cinta-de-noticias","category-arabe-internacional-politica","category-internacionales","category-minuto-a-minuto","category-ultimas-noticias"],"_links":{"self":[{"href":"https:\/\/archive.sana.sy\/es\/index.php?rest_route=\/wp\/v2\/posts\/329416"}],"collection":[{"href":"https:\/\/archive.sana.sy\/es\/index.php?rest_route=\/wp\/v2\/posts"}],"about":[{"href":"https:\/\/archive.sana.sy\/es\/index.php?rest_route=\/wp\/v2\/types\/post"}],"author":[{"embeddable":true,"href":"https:\/\/archive.sana.sy\/es\/index.php?rest_route=\/wp\/v2\/users\/39"}],"replies":[{"embeddable":true,"href":"https:\/\/archive.sana.sy\/es\/index.php?rest_route=%2Fwp%2Fv2%2Fcomments&post=329416"}],"version-history":[{"count":1,"href":"https:\/\/archive.sana.sy\/es\/index.php?rest_route=\/wp\/v2\/posts\/329416\/revisions"}],"predecessor-version":[{"id":329418,"href":"https:\/\/archive.sana.sy\/es\/index.php?rest_route=\/wp\/v2\/posts\/329416\/revisions\/329418"}],"wp:featuredmedia":[{"embeddable":true,"href":"https:\/\/archive.sana.sy\/es\/index.php?rest_route=\/wp\/v2\/media\/329417"}],"wp:attachment":[{"href":"https:\/\/archive.sana.sy\/es\/index.php?rest_route=%2Fwp%2Fv2%2Fmedia&parent=329416"}],"wp:term":[{"taxonomy":"category","embeddable":true,"href":"https:\/\/archive.sana.sy\/es\/index.php?rest_route=%2Fwp%2Fv2%2Fcategories&post=329416"},{"taxonomy":"post_tag","embeddable":true,"href":"https:\/\/archive.sana.sy\/es\/index.php?rest_route=%2Fwp%2Fv2%2Ftags&post=329416"}],"curies":[{"name":"wp","href":"https:\/\/api.w.org\/{rel}","templated":true}]}}