{"id":329419,"date":"2024-05-16T17:33:15","date_gmt":"2024-05-16T14:33:15","guid":{"rendered":"https:\/\/sana.sy\/es\/?p=329419"},"modified":"2024-05-16T18:30:45","modified_gmt":"2024-05-16T15:30:45","slug":"declaracion-final-de-la-cumbre-arabe-condena-crimenes-israelies-en-gaza","status":"publish","type":"post","link":"https:\/\/archive.sana.sy\/es\/?p=329419","title":{"rendered":"Declaraci\u00f3n final de la Cumbre \u00c1rabe condena cr\u00edmenes israel\u00edes en Gaza"},"content":{"rendered":"<p style=\"text-align: justify;\"><span style=\"color: #800000;\"><strong>Manama, 16 may (SANA)<\/strong> <\/span>La declaraci\u00f3n final de la 33\u00aa Cumbre \u00c1rabe celebrada en Manama, la capital de Bahr\u00e9in, conden\u00f3 en los t\u00e9rminos m\u00e1s en\u00e9rgicos los cr\u00edmenes brutales del ocupante israel\u00ed contra el pueblo palestino, as\u00ed como sus violaciones sin precedentes del derecho internacional y sus intentos de desplazar por la fuerza al pueblo palestino.<\/p>\n<p style=\"text-align: justify;\">El texto exigi\u00f3 una soluci\u00f3n inmediata y un alto el fuego permanente en Gaza, as\u00ed como permitir la entrada de ayuda humanitaria a la Franja de Gaza.<\/p>\n<p style=\"text-align: justify;\">La declaraci\u00f3n repudi\u00f3 la agresi\u00f3n israel\u00ed a la ciudad de Raf\u00e1 que alberga a m\u00e1s de un mill\u00f3n de desplazados, lo cual amenazar\u00eda con catastr\u00f3ficas consecuencias humanitarias.<\/p>\n<p style=\"text-align: justify;\">Rechaz\u00f3 el control por parte de las fuerzas de ocupaci\u00f3n del lado palestino del cruce de Raf\u00e1, con el objetivo de reforzar el asedio a la Franja de Gaza y detener el flujo de ayuda humanitaria.<\/p>\n<p style=\"text-align: justify;\">Exigi\u00f3 el cese inmediato de la agresi\u00f3n israel\u00ed, la retirada de las fuerzas de ocupaci\u00f3n de todas las zonas de la Franja, el levantamiento del asedio impuesto, la eliminaci\u00f3n de todos los obst\u00e1culos, la apertura de todos los cruces ante la ayuda humanitaria.<\/p>\n<p style=\"text-align: justify;\">Reiter\u00f3 el rechazo categ\u00f3rico de los pa\u00edses \u00e1rabes a cualquier intento de desplazar por la fuerza al pueblo palestino de sus tierras en la Franja de Gaza y Cisjordania, incluida Jerusal\u00e9n, y pidi\u00f3 que se tomaran medidas urgentes para un alto el fuego inmediato y permanente, para poner fin a la agresi\u00f3n y brindar protecci\u00f3n a los civiles.<\/p>\n<p style=\"text-align: justify;\">fm\/sm<\/p>\n","protected":false},"excerpt":{"rendered":"<p>Manama, 16 may (SANA) La declaraci\u00f3n final de la 33\u00aa Cumbre \u00c1rabe celebrada en Manama, la capital de Bahr\u00e9in, conden\u00f3 en los t\u00e9rminos m\u00e1s en\u00e9rgicos los cr\u00edmenes brutales del ocupante israel\u00ed contra el pueblo palestino, as\u00ed como sus violaciones sin precedentes del derecho internacional y sus intentos de desplazar por la fuerza al pueblo palestino. &hellip;<\/p>\n","protected":false},"author":39,"featured_media":329420,"comment_status":"closed","ping_status":"closed","sticky":false,"template":"","format":"standard","meta":{"footnotes":""},"categories":[597,456,16687,20724,583],"tags":[],"class_list":["post-329419","post","type-post","status-publish","format-standard","has-post-thumbnail","","category-cinta-de-noticias","category-arabe-internacional-politica","category-internacionales","category-minuto-a-minuto","category-slide"],"_links":{"self":[{"href":"https:\/\/archive.sana.sy\/es\/index.php?rest_route=\/wp\/v2\/posts\/329419"}],"collection":[{"href":"https:\/\/archive.sana.sy\/es\/index.php?rest_route=\/wp\/v2\/posts"}],"about":[{"href":"https:\/\/archive.sana.sy\/es\/index.php?rest_route=\/wp\/v2\/types\/post"}],"author":[{"embeddable":true,"href":"https:\/\/archive.sana.sy\/es\/index.php?rest_route=\/wp\/v2\/users\/39"}],"replies":[{"embeddable":true,"href":"https:\/\/archive.sana.sy\/es\/index.php?rest_route=%2Fwp%2Fv2%2Fcomments&post=329419"}],"version-history":[{"count":3,"href":"https:\/\/archive.sana.sy\/es\/index.php?rest_route=\/wp\/v2\/posts\/329419\/revisions"}],"predecessor-version":[{"id":329432,"href":"https:\/\/archive.sana.sy\/es\/index.php?rest_route=\/wp\/v2\/posts\/329419\/revisions\/329432"}],"wp:featuredmedia":[{"embeddable":true,"href":"https:\/\/archive.sana.sy\/es\/index.php?rest_route=\/wp\/v2\/media\/329420"}],"wp:attachment":[{"href":"https:\/\/archive.sana.sy\/es\/index.php?rest_route=%2Fwp%2Fv2%2Fmedia&parent=329419"}],"wp:term":[{"taxonomy":"category","embeddable":true,"href":"https:\/\/archive.sana.sy\/es\/index.php?rest_route=%2Fwp%2Fv2%2Fcategories&post=329419"},{"taxonomy":"post_tag","embeddable":true,"href":"https:\/\/archive.sana.sy\/es\/index.php?rest_route=%2Fwp%2Fv2%2Ftags&post=329419"}],"curies":[{"name":"wp","href":"https:\/\/api.w.org\/{rel}","templated":true}]}}