{"id":329427,"date":"2024-05-16T13:01:50","date_gmt":"2024-05-16T10:01:50","guid":{"rendered":"https:\/\/sana.sy\/es\/?p=329427"},"modified":"2024-05-16T18:02:00","modified_gmt":"2024-05-16T15:02:00","slug":"robert-fico-atentado-contra-el-cambio-en-europa","status":"publish","type":"post","link":"https:\/\/archive.sana.sy\/es\/?p=329427","title":{"rendered":"Robert Fico, \u00bfatentado contra el cambio en Europa?"},"content":{"rendered":"<p style=\"text-align: justify;\"><span style=\"color: #800000;\"><strong>Damasco, 16 may (SANA)\u00a0<\/strong> <\/span>El primer ministro de Eslovaquia, Robert Fico, a\u00fan se debate entre la vida y la muerte tras el atentado sufrido la v\u00edspera y ya surgen interrogantes sobre los motivos de ese acto criminal.<\/p>\n<p>Su victimario se nombra Juraj Cintula, es un poeta de 71 a\u00f1os de edad residente de la peque\u00f1a ciudad occidental de Levice, en el suroeste del pa\u00eds, fundador de un club de lectura y con varios t\u00edtulos publicados, seg\u00fan su p\u00e1gina de Facebook.<\/p>\n<p style=\"text-align: justify;\">Adem\u00e1s, es miembro de la Asociaci\u00f3n de Escritores Eslovacos, instituci\u00f3n que emiti\u00f3 un comunicado condenando el ataque.<\/p>\n<p style=\"text-align: justify;\">El hecho criminal tuvo lugar frente a la Casa de la Cultura, donde Fico se reuni\u00f3 de forma extraordinaria con su Consejo de Ministros, integrado por el Partido Smer (izquierda), al que pertenece, los ultranacionalistas del SNS y los socialdem\u00f3cratas de Voz (Hlas-SD).<\/p>\n<p style=\"text-align: justify;\">Regres\u00f3 a los altos cargos del pa\u00eds en octubre pasado y durante su campa\u00f1a prometi\u00f3 no entregar ni una sola bala a Ucrania lo que lo ubica fuera de la l\u00ednea oficial de la Uni\u00f3n Europea (UE) y la Organizaci\u00f3n del Tratado del Atl\u00e1ntico Norte (OTAN) sobre el tema.<\/p>\n<p style=\"text-align: justify;\">Fico tiene 59 a\u00f1os y fue primer ministro en otros dos per\u00edodos (2006-2010 y 2012-2018).<\/p>\n<p style=\"text-align: justify;\">Descrito como un populista de izquierda y simpatizante del Kremlin, su elecci\u00f3n despert\u00f3 cierto temor entre los miembros de la alianza b\u00e9lica, pues se convirti\u00f3 en el primer l\u00edder de un Estado miembro que no cerraba filas contra el presidente ruso, Vladimir Putin, en pleno conflicto en Ucrania.<\/p>\n<p style=\"text-align: justify;\">Su campa\u00f1a electoral se centr\u00f3 en la defensa de los intereses nacionales y la estabilidad pol\u00edtica interna en detrimento de la relevancia internacional del pa\u00eds, con una pol\u00edtica exterior calificada por analistas de \u201csoberana\u201d.<\/p>\n<p style=\"text-align: justify;\">Adem\u00e1s de manifestarse contrario a suministrar armamento o municiones a Kiev, ha hecho todo lo posible por bloquear las importaciones de grano ucraniano en aras de evitar perjuicios a los peque\u00f1os agricultores, como ya ocurri\u00f3 en Polonia donde los trabajadores del sector cerraron v\u00edas de accesos, caminos y carreteras.<\/p>\n<p style=\"text-align: justify;\">Me niego a que me critiquen y me etiqueten como belicista solo por hablar de acuerdos, mientras que quienes apoyan la guerra y las matanzas se les llama \u201cactivistas por la paz\u00bb, dijo meses atr\u00e1s, seg\u00fan la prensa nacional.<\/p>\n<p style=\"text-align: justify;\">Su mandato encuentra un pa\u00eds polarizado que en las \u00faltimas semanas vivi\u00f3 protestas multitudinarias contra decisiones gubernamentales como el cierre de la Fiscal\u00eda Anticorrupci\u00f3n o los planes para clausurar la radiotelevisi\u00f3n p\u00fablica RTVS.<\/p>\n<p style=\"text-align: justify;\">Asimismo, su ascenso al poder ocurre en un contexto signado por elecciones a nivel comunitario (junio) en las que, seg\u00fan todos los sondeos, los partidos de ultraderecha est\u00e1n bien posicionados para ganar muchos esca\u00f1os en el Parlamento Europeo.<\/p>\n<p style=\"text-align: justify;\">Tras el atentado, altos cargos del mecanismo regional se apresuraron a condenar el hecho de forma en\u00e9rgica como es el caso de Ursula von der Leyen, presidenta del ejecutivo comunitario, quien afirm\u00f3 que \u201cesos actos de violencia no tienen cabida en nuestra sociedad y socavan la democracia, nuestro bien com\u00fan m\u00e1s preciado\u201d.<\/p>\n<p style=\"text-align: justify;\">Fuente: Prensa Latina<\/p>\n","protected":false},"excerpt":{"rendered":"<p>Damasco, 16 may (SANA)\u00a0 El primer ministro de Eslovaquia, Robert Fico, a\u00fan se debate entre la vida y la muerte tras el atentado sufrido la v\u00edspera y ya surgen interrogantes sobre los motivos de ese acto criminal. Su victimario se nombra Juraj Cintula, es un poeta de 71 a\u00f1os de edad residente de la peque\u00f1a &hellip;<\/p>\n","protected":false},"author":39,"featured_media":329428,"comment_status":"closed","ping_status":"closed","sticky":false,"template":"","format":"standard","meta":{"footnotes":""},"categories":[597,456,16687,20724,7541],"tags":[],"class_list":["post-329427","post","type-post","status-publish","format-standard","has-post-thumbnail","","category-cinta-de-noticias","category-arabe-internacional-politica","category-internacionales","category-minuto-a-minuto","category-ultimas-noticias"],"_links":{"self":[{"href":"https:\/\/archive.sana.sy\/es\/index.php?rest_route=\/wp\/v2\/posts\/329427"}],"collection":[{"href":"https:\/\/archive.sana.sy\/es\/index.php?rest_route=\/wp\/v2\/posts"}],"about":[{"href":"https:\/\/archive.sana.sy\/es\/index.php?rest_route=\/wp\/v2\/types\/post"}],"author":[{"embeddable":true,"href":"https:\/\/archive.sana.sy\/es\/index.php?rest_route=\/wp\/v2\/users\/39"}],"replies":[{"embeddable":true,"href":"https:\/\/archive.sana.sy\/es\/index.php?rest_route=%2Fwp%2Fv2%2Fcomments&post=329427"}],"version-history":[{"count":2,"href":"https:\/\/archive.sana.sy\/es\/index.php?rest_route=\/wp\/v2\/posts\/329427\/revisions"}],"predecessor-version":[{"id":329430,"href":"https:\/\/archive.sana.sy\/es\/index.php?rest_route=\/wp\/v2\/posts\/329427\/revisions\/329430"}],"wp:featuredmedia":[{"embeddable":true,"href":"https:\/\/archive.sana.sy\/es\/index.php?rest_route=\/wp\/v2\/media\/329428"}],"wp:attachment":[{"href":"https:\/\/archive.sana.sy\/es\/index.php?rest_route=%2Fwp%2Fv2%2Fmedia&parent=329427"}],"wp:term":[{"taxonomy":"category","embeddable":true,"href":"https:\/\/archive.sana.sy\/es\/index.php?rest_route=%2Fwp%2Fv2%2Fcategories&post=329427"},{"taxonomy":"post_tag","embeddable":true,"href":"https:\/\/archive.sana.sy\/es\/index.php?rest_route=%2Fwp%2Fv2%2Ftags&post=329427"}],"curies":[{"name":"wp","href":"https:\/\/api.w.org\/{rel}","templated":true}]}}