{"id":329433,"date":"2024-05-16T19:27:03","date_gmt":"2024-05-16T16:27:03","guid":{"rendered":"https:\/\/sana.sy\/es\/?p=329433"},"modified":"2024-05-16T20:48:57","modified_gmt":"2024-05-16T17:48:57","slug":"el-presidente-chino-en-un-mensaje-a-la-cumbre-arabe-las-relaciones-chino-arabes-atraviesan-el-mejor-periodo-de-la-historia","status":"publish","type":"post","link":"https:\/\/archive.sana.sy\/es\/?p=329433","title":{"rendered":"El presidente chino en un mensaje a la Cumbre \u00c1rabe: Las relaciones chino-\u00e1rabes atraviesan el mejor per\u00edodo de la historia"},"content":{"rendered":"<p style=\"text-align: justify;\"><span style=\"color: #800000;\"><strong>Beijing, 16 may (SANA)\u00a0 <\/strong><\/span>El presidente chino, Xi Jinping, afirm\u00f3 en un mensaje enviado a los participantes en la 33\u00aa Cumbre \u00c1rabe celebrada en Bahr\u00e9in que las relaciones chino-\u00e1rabes atraviesan actualmente el mejor per\u00edodo de la historia.<\/p>\n<p style=\"text-align: justify;\">Asimismo se\u00f1al\u00f3 que China y las naciones \u00e1rabes han profundizado la confianza pol\u00edtica mutua y han logrado resultados fruct\u00edferos en la cooperaci\u00f3n en diversos campos.<\/p>\n<p style=\"text-align: justify;\">\u201cLa Liga \u00c1rabe lleva mucho tiempo comprometida con fortalecer la unidad y la autosuficiencia del mundo \u00e1rabe y apoyar la paz, la estabilidad y el desarrollo en Oriente Medio, as\u00ed como desempe\u00f1\u00f3 un papel importante en la promoci\u00f3n de la solidaridad y la cooperaci\u00f3n y la protecci\u00f3n de los intereses comunes en el Sur Global\u201d.\u201d, dijo el mandatario del gigante asi\u00e1tico.<\/p>\n<p style=\"text-align: justify;\">Adem\u00e1s, el presidente chino expres\u00f3 la disposici\u00f3n de Beijing a trabajar con los pa\u00edses \u00e1rabes para continuar impulsando el esp\u00edritu de amistad chino-\u00e1rabe y construir una comunidad conjunta de alto nivel con un futuro compartido.<\/p>\n<p style=\"text-align: justify;\">sm<\/p>\n","protected":false},"excerpt":{"rendered":"<p>Beijing, 16 may (SANA)\u00a0 El presidente chino, Xi Jinping, afirm\u00f3 en un mensaje enviado a los participantes en la 33\u00aa Cumbre \u00c1rabe celebrada en Bahr\u00e9in que las relaciones chino-\u00e1rabes atraviesan actualmente el mejor per\u00edodo de la historia. Asimismo se\u00f1al\u00f3 que China y las naciones \u00e1rabes han profundizado la confianza pol\u00edtica mutua y han logrado resultados &hellip;<\/p>\n","protected":false},"author":39,"featured_media":329434,"comment_status":"closed","ping_status":"closed","sticky":false,"template":"","format":"standard","meta":{"footnotes":""},"categories":[597,456,16687,20724,7541],"tags":[],"class_list":["post-329433","post","type-post","status-publish","format-standard","has-post-thumbnail","","category-cinta-de-noticias","category-arabe-internacional-politica","category-internacionales","category-minuto-a-minuto","category-ultimas-noticias"],"_links":{"self":[{"href":"https:\/\/archive.sana.sy\/es\/index.php?rest_route=\/wp\/v2\/posts\/329433"}],"collection":[{"href":"https:\/\/archive.sana.sy\/es\/index.php?rest_route=\/wp\/v2\/posts"}],"about":[{"href":"https:\/\/archive.sana.sy\/es\/index.php?rest_route=\/wp\/v2\/types\/post"}],"author":[{"embeddable":true,"href":"https:\/\/archive.sana.sy\/es\/index.php?rest_route=\/wp\/v2\/users\/39"}],"replies":[{"embeddable":true,"href":"https:\/\/archive.sana.sy\/es\/index.php?rest_route=%2Fwp%2Fv2%2Fcomments&post=329433"}],"version-history":[{"count":2,"href":"https:\/\/archive.sana.sy\/es\/index.php?rest_route=\/wp\/v2\/posts\/329433\/revisions"}],"predecessor-version":[{"id":329447,"href":"https:\/\/archive.sana.sy\/es\/index.php?rest_route=\/wp\/v2\/posts\/329433\/revisions\/329447"}],"wp:featuredmedia":[{"embeddable":true,"href":"https:\/\/archive.sana.sy\/es\/index.php?rest_route=\/wp\/v2\/media\/329434"}],"wp:attachment":[{"href":"https:\/\/archive.sana.sy\/es\/index.php?rest_route=%2Fwp%2Fv2%2Fmedia&parent=329433"}],"wp:term":[{"taxonomy":"category","embeddable":true,"href":"https:\/\/archive.sana.sy\/es\/index.php?rest_route=%2Fwp%2Fv2%2Fcategories&post=329433"},{"taxonomy":"post_tag","embeddable":true,"href":"https:\/\/archive.sana.sy\/es\/index.php?rest_route=%2Fwp%2Fv2%2Ftags&post=329433"}],"curies":[{"name":"wp","href":"https:\/\/api.w.org\/{rel}","templated":true}]}}