{"id":329509,"date":"2024-05-17T16:25:35","date_gmt":"2024-05-17T13:25:35","guid":{"rendered":"https:\/\/sana.sy\/es\/?p=329509"},"modified":"2024-05-17T16:25:35","modified_gmt":"2024-05-17T13:25:35","slug":"hungria-veta-una-decision-europea-sobre-una-solucion-en-ucrania","status":"publish","type":"post","link":"https:\/\/archive.sana.sy\/es\/?p=329509","title":{"rendered":"Hungr\u00eda veta una decisi\u00f3n europea sobre una soluci\u00f3n en Ucrania"},"content":{"rendered":"<p style=\"text-align: justify;\"><span style=\"color: #800000;\"><strong>Budapest, 17 may (SANA)<\/strong> <\/span>El Ministerio de Asuntos Exteriores h\u00fangaro anunci\u00f3 que Budapest vet\u00f3 una resoluci\u00f3n del Consejo de Europa sobre el plan de paz presentado por el presidente ucraniano Vladimir Zelensky.<\/p>\n<p style=\"text-align: justify;\">\u201cHoy, el Consejo quer\u00eda adoptar una resoluci\u00f3n que s\u00f3lo reconoce el plan de paz propuesto por el presidente Zelensky como una f\u00f3rmula para la paz que debe ser considerada y apoyada, lo cual es inaceptable para nosotros. ya que otros tambi\u00e9n han preparado planes de paz\u201d, escribi\u00f3 el canciller h\u00fangaro Peter Szijj\u00e1rt\u00f3 en su cuenta de Facebook.<\/p>\n<p style=\"text-align: justify;\">Szijjarto explic\u00f3 que solicit\u00f3 que se incluyeran otros planes de paz en la decisi\u00f3n del Consejo de Europa, y esta propuesta fue rechazada, por lo que vet\u00f3 esta decisi\u00f3n y el Consejo no tom\u00f3 ninguna decisi\u00f3n.<\/p>\n<p style=\"text-align: justify;\">fm\/sm<\/p>\n","protected":false},"excerpt":{"rendered":"<p>Budapest, 17 may (SANA) El Ministerio de Asuntos Exteriores h\u00fangaro anunci\u00f3 que Budapest vet\u00f3 una resoluci\u00f3n del Consejo de Europa sobre el plan de paz presentado por el presidente ucraniano Vladimir Zelensky. \u201cHoy, el Consejo quer\u00eda adoptar una resoluci\u00f3n que s\u00f3lo reconoce el plan de paz propuesto por el presidente Zelensky como una f\u00f3rmula para &hellip;<\/p>\n","protected":false},"author":39,"featured_media":329510,"comment_status":"closed","ping_status":"closed","sticky":false,"template":"","format":"standard","meta":{"footnotes":""},"categories":[597,456,16687,20724,7541],"tags":[],"class_list":["post-329509","post","type-post","status-publish","format-standard","has-post-thumbnail","","category-cinta-de-noticias","category-arabe-internacional-politica","category-internacionales","category-minuto-a-minuto","category-ultimas-noticias"],"_links":{"self":[{"href":"https:\/\/archive.sana.sy\/es\/index.php?rest_route=\/wp\/v2\/posts\/329509"}],"collection":[{"href":"https:\/\/archive.sana.sy\/es\/index.php?rest_route=\/wp\/v2\/posts"}],"about":[{"href":"https:\/\/archive.sana.sy\/es\/index.php?rest_route=\/wp\/v2\/types\/post"}],"author":[{"embeddable":true,"href":"https:\/\/archive.sana.sy\/es\/index.php?rest_route=\/wp\/v2\/users\/39"}],"replies":[{"embeddable":true,"href":"https:\/\/archive.sana.sy\/es\/index.php?rest_route=%2Fwp%2Fv2%2Fcomments&post=329509"}],"version-history":[{"count":1,"href":"https:\/\/archive.sana.sy\/es\/index.php?rest_route=\/wp\/v2\/posts\/329509\/revisions"}],"predecessor-version":[{"id":329511,"href":"https:\/\/archive.sana.sy\/es\/index.php?rest_route=\/wp\/v2\/posts\/329509\/revisions\/329511"}],"wp:featuredmedia":[{"embeddable":true,"href":"https:\/\/archive.sana.sy\/es\/index.php?rest_route=\/wp\/v2\/media\/329510"}],"wp:attachment":[{"href":"https:\/\/archive.sana.sy\/es\/index.php?rest_route=%2Fwp%2Fv2%2Fmedia&parent=329509"}],"wp:term":[{"taxonomy":"category","embeddable":true,"href":"https:\/\/archive.sana.sy\/es\/index.php?rest_route=%2Fwp%2Fv2%2Fcategories&post=329509"},{"taxonomy":"post_tag","embeddable":true,"href":"https:\/\/archive.sana.sy\/es\/index.php?rest_route=%2Fwp%2Fv2%2Ftags&post=329509"}],"curies":[{"name":"wp","href":"https:\/\/api.w.org\/{rel}","templated":true}]}}