{"id":329515,"date":"2024-05-17T16:45:35","date_gmt":"2024-05-17T13:45:35","guid":{"rendered":"https:\/\/sana.sy\/es\/?p=329515"},"modified":"2024-05-17T16:45:35","modified_gmt":"2024-05-17T13:45:35","slug":"ministros-de-educacion-de-siria-e-iraq-analizan-cooperacion-bilateral","status":"publish","type":"post","link":"https:\/\/archive.sana.sy\/es\/?p=329515","title":{"rendered":"Ministros de Educaci\u00f3n de Siria e Iraq analizan cooperaci\u00f3n bilateral"},"content":{"rendered":"<p style=\"text-align: justify;\"><span style=\"color: #800000;\"><strong>Riad, 17 may (SANA)<\/strong> <\/span>El ministro sirio de Educaci\u00f3n, Muhammad Amer Al-Mardini, repas\u00f3 con su hom\u00f3logo iraqu\u00ed, Ibrahim Namis Al-Jubouri, las v\u00edas de fortalecer la cooperaci\u00f3n educativa entre los dos pa\u00edses.<\/p>\n<p style=\"text-align: justify;\">El encuentro entre los dos titulares tuvo lugar al margen de la Conferencia General de la Organizaci\u00f3n \u00c1rabe de Educaci\u00f3n, Cultura y Ciencia (OAECC) que celebra su 27 edici\u00f3n en la ciudad de Jeddah, Arabia Saudita.<\/p>\n<p style=\"text-align: justify;\">Las dos partes pidieron acelerar la redacci\u00f3n del memorando de entendimiento para mejorar la cooperaci\u00f3n educativa conjunta y el intercambio de experiencia, formaci\u00f3n y calificaci\u00f3n del personal educativo.<\/p>\n<p style=\"text-align: justify;\">El ministro Al-Mardini destac\u00f3 la fortaleza de las relaciones entre Siria e Iraq en diversos campos, y llam\u00f3 a fortalecer la cooperaci\u00f3n educativa a trav\u00e9s del intercambio de experiencias, la formaci\u00f3n y la cualificaci\u00f3n de los cuadros educativos.<\/p>\n<p style=\"text-align: justify;\">Habl\u00f3 de los esfuerzos realizados por el gobierno sirio para rehabilitar escuelas, desarrollar la labor educativa y garantizar la educaci\u00f3n para todos los ni\u00f1os.<\/p>\n<p style=\"text-align: justify;\">El titular iraqu\u00ed elogi\u00f3 las relaciones hist\u00f3ricas entre los dos pa\u00edses y destac\u00f3 la importancia de terminar de redactar el memorando de entendimiento entre los dos pa\u00edses de manera que mejore la cooperaci\u00f3n en diversos campos educativos.<\/p>\n<p style=\"text-align: justify;\">fm\/sm<\/p>\n","protected":false},"excerpt":{"rendered":"<p>Riad, 17 may (SANA) El ministro sirio de Educaci\u00f3n, Muhammad Amer Al-Mardini, repas\u00f3 con su hom\u00f3logo iraqu\u00ed, Ibrahim Namis Al-Jubouri, las v\u00edas de fortalecer la cooperaci\u00f3n educativa entre los dos pa\u00edses. El encuentro entre los dos titulares tuvo lugar al margen de la Conferencia General de la Organizaci\u00f3n \u00c1rabe de Educaci\u00f3n, Cultura y Ciencia (OAECC) &hellip;<\/p>\n","protected":false},"author":39,"featured_media":329516,"comment_status":"closed","ping_status":"closed","sticky":false,"template":"","format":"standard","meta":{"footnotes":""},"categories":[597,20724,476,467,7541],"tags":[],"class_list":["post-329515","post","type-post","status-publish","format-standard","has-post-thumbnail","","category-cinta-de-noticias","category-minuto-a-minuto","category-locales","category-siria-y-el-mundo","category-ultimas-noticias"],"_links":{"self":[{"href":"https:\/\/archive.sana.sy\/es\/index.php?rest_route=\/wp\/v2\/posts\/329515"}],"collection":[{"href":"https:\/\/archive.sana.sy\/es\/index.php?rest_route=\/wp\/v2\/posts"}],"about":[{"href":"https:\/\/archive.sana.sy\/es\/index.php?rest_route=\/wp\/v2\/types\/post"}],"author":[{"embeddable":true,"href":"https:\/\/archive.sana.sy\/es\/index.php?rest_route=\/wp\/v2\/users\/39"}],"replies":[{"embeddable":true,"href":"https:\/\/archive.sana.sy\/es\/index.php?rest_route=%2Fwp%2Fv2%2Fcomments&post=329515"}],"version-history":[{"count":1,"href":"https:\/\/archive.sana.sy\/es\/index.php?rest_route=\/wp\/v2\/posts\/329515\/revisions"}],"predecessor-version":[{"id":329517,"href":"https:\/\/archive.sana.sy\/es\/index.php?rest_route=\/wp\/v2\/posts\/329515\/revisions\/329517"}],"wp:featuredmedia":[{"embeddable":true,"href":"https:\/\/archive.sana.sy\/es\/index.php?rest_route=\/wp\/v2\/media\/329516"}],"wp:attachment":[{"href":"https:\/\/archive.sana.sy\/es\/index.php?rest_route=%2Fwp%2Fv2%2Fmedia&parent=329515"}],"wp:term":[{"taxonomy":"category","embeddable":true,"href":"https:\/\/archive.sana.sy\/es\/index.php?rest_route=%2Fwp%2Fv2%2Fcategories&post=329515"},{"taxonomy":"post_tag","embeddable":true,"href":"https:\/\/archive.sana.sy\/es\/index.php?rest_route=%2Fwp%2Fv2%2Ftags&post=329515"}],"curies":[{"name":"wp","href":"https:\/\/api.w.org\/{rel}","templated":true}]}}