{"id":329518,"date":"2024-05-17T16:55:19","date_gmt":"2024-05-17T13:55:19","guid":{"rendered":"https:\/\/sana.sy\/es\/?p=329518"},"modified":"2024-05-17T16:55:19","modified_gmt":"2024-05-17T13:55:19","slug":"mueren-dos-ninos-sirios-en-ataque-israeli-contra-el-sur-del-libano","status":"publish","type":"post","link":"https:\/\/archive.sana.sy\/es\/?p=329518","title":{"rendered":"Mueren dos ni\u00f1os sirios en ataque israel\u00ed contra el sur del L\u00edbano"},"content":{"rendered":"<p style=\"text-align: justify;\"><span style=\"color: #800000;\"><strong>Beirut, 17 may (SANA)<\/strong> <\/span>Dos menores sirios perdieron la vida hoy en una agresi\u00f3n israel\u00ed contra la localidad de Najariya, al sur del L\u00edbano.<\/p>\n<p style=\"text-align: justify;\">La Agencia Libanesa de Noticias inform\u00f3 que aviones de combate israel\u00edes bombardearon un edificio en Najariya, lo que provoc\u00f3 la muerte de dos ni\u00f1os sirios.<\/p>\n<p style=\"text-align: justify;\">DE acuerdo con el medio, una serie de otros ataques en el \u00e1rea de Al-Zahrani cerca de la ciudad de Al-Adousiya.<br \/>\nAsimismo, los cazas lanzaron dos ataques contra las afueras de la localidad de Yaroun, en el sur del L\u00edbano.<\/p>\n<p style=\"text-align: justify;\">fm\/sm<\/p>\n","protected":false},"excerpt":{"rendered":"<p>Beirut, 17 may (SANA) Dos menores sirios perdieron la vida hoy en una agresi\u00f3n israel\u00ed contra la localidad de Najariya, al sur del L\u00edbano. La Agencia Libanesa de Noticias inform\u00f3 que aviones de combate israel\u00edes bombardearon un edificio en Najariya, lo que provoc\u00f3 la muerte de dos ni\u00f1os sirios. DE acuerdo con el medio, una &hellip;<\/p>\n","protected":false},"author":39,"featured_media":329519,"comment_status":"closed","ping_status":"closed","sticky":false,"template":"","format":"standard","meta":{"footnotes":""},"categories":[597,456,16687,20724,7541],"tags":[],"class_list":["post-329518","post","type-post","status-publish","format-standard","has-post-thumbnail","","category-cinta-de-noticias","category-arabe-internacional-politica","category-internacionales","category-minuto-a-minuto","category-ultimas-noticias"],"_links":{"self":[{"href":"https:\/\/archive.sana.sy\/es\/index.php?rest_route=\/wp\/v2\/posts\/329518"}],"collection":[{"href":"https:\/\/archive.sana.sy\/es\/index.php?rest_route=\/wp\/v2\/posts"}],"about":[{"href":"https:\/\/archive.sana.sy\/es\/index.php?rest_route=\/wp\/v2\/types\/post"}],"author":[{"embeddable":true,"href":"https:\/\/archive.sana.sy\/es\/index.php?rest_route=\/wp\/v2\/users\/39"}],"replies":[{"embeddable":true,"href":"https:\/\/archive.sana.sy\/es\/index.php?rest_route=%2Fwp%2Fv2%2Fcomments&post=329518"}],"version-history":[{"count":1,"href":"https:\/\/archive.sana.sy\/es\/index.php?rest_route=\/wp\/v2\/posts\/329518\/revisions"}],"predecessor-version":[{"id":329520,"href":"https:\/\/archive.sana.sy\/es\/index.php?rest_route=\/wp\/v2\/posts\/329518\/revisions\/329520"}],"wp:featuredmedia":[{"embeddable":true,"href":"https:\/\/archive.sana.sy\/es\/index.php?rest_route=\/wp\/v2\/media\/329519"}],"wp:attachment":[{"href":"https:\/\/archive.sana.sy\/es\/index.php?rest_route=%2Fwp%2Fv2%2Fmedia&parent=329518"}],"wp:term":[{"taxonomy":"category","embeddable":true,"href":"https:\/\/archive.sana.sy\/es\/index.php?rest_route=%2Fwp%2Fv2%2Fcategories&post=329518"},{"taxonomy":"post_tag","embeddable":true,"href":"https:\/\/archive.sana.sy\/es\/index.php?rest_route=%2Fwp%2Fv2%2Ftags&post=329518"}],"curies":[{"name":"wp","href":"https:\/\/api.w.org\/{rel}","templated":true}]}}