{"id":329570,"date":"2024-05-18T16:30:43","date_gmt":"2024-05-18T13:30:43","guid":{"rendered":"https:\/\/sana.sy\/es\/?p=329570"},"modified":"2024-05-18T16:30:43","modified_gmt":"2024-05-18T13:30:43","slug":"resistencia-nacional-libanesa-ataca-una-concentracion-de-soldados-en-el-cuartel-israeli-de-pranit","status":"publish","type":"post","link":"https:\/\/archive.sana.sy\/es\/?p=329570","title":{"rendered":"Resistencia Nacional Libanesa ataca una concentraci\u00f3n de soldados en el cuartel israel\u00ed de Pranit"},"content":{"rendered":"<p style=\"text-align: justify;\"><span style=\"color: #800000;\"><strong>Beirut, 18 may (SANA)<\/strong><\/span> La Resistencia Nacional Libanesa bombarde\u00f3 con misiles una concentraci\u00f3n de soldados israel\u00edes en las proximidades del Cuartel Pranit, logrando impactos directos.<\/p>\n<p style=\"text-align: justify;\">\u201cEn apoyo de nuestros hermano palestinos en la Franja de Gaza y su valiente resistencia, nuestros combatientes atacaron a sitios israel\u00edes en las cercan\u00edas del cuartel de Pranit, logrando impactos directos\u201d, anunci\u00f3 la Resistencia por medio de una declaraci\u00f3n.<\/p>\n<p style=\"text-align: justify;\">La v\u00edspera, la Resistencia Nacional Libanesa atac\u00f3 veh\u00edculos de fuerzas enemigas israel\u00edes en la frontera con la Palestina ocupada, causando bajas.<\/p>\n<p style=\"text-align: justify;\">ed\/fm<\/p>\n","protected":false},"excerpt":{"rendered":"<p>Beirut, 18 may (SANA) La Resistencia Nacional Libanesa bombarde\u00f3 con misiles una concentraci\u00f3n de soldados israel\u00edes en las proximidades del Cuartel Pranit, logrando impactos directos. \u201cEn apoyo de nuestros hermano palestinos en la Franja de Gaza y su valiente resistencia, nuestros combatientes atacaron a sitios israel\u00edes en las cercan\u00edas del cuartel de Pranit, logrando impactos &hellip;<\/p>\n","protected":false},"author":32,"featured_media":329571,"comment_status":"closed","ping_status":"closed","sticky":false,"template":"","format":"standard","meta":{"footnotes":""},"categories":[597,456,20724,7541],"tags":[],"class_list":["post-329570","post","type-post","status-publish","format-standard","has-post-thumbnail","","category-cinta-de-noticias","category-arabe-internacional-politica","category-minuto-a-minuto","category-ultimas-noticias"],"_links":{"self":[{"href":"https:\/\/archive.sana.sy\/es\/index.php?rest_route=\/wp\/v2\/posts\/329570"}],"collection":[{"href":"https:\/\/archive.sana.sy\/es\/index.php?rest_route=\/wp\/v2\/posts"}],"about":[{"href":"https:\/\/archive.sana.sy\/es\/index.php?rest_route=\/wp\/v2\/types\/post"}],"author":[{"embeddable":true,"href":"https:\/\/archive.sana.sy\/es\/index.php?rest_route=\/wp\/v2\/users\/32"}],"replies":[{"embeddable":true,"href":"https:\/\/archive.sana.sy\/es\/index.php?rest_route=%2Fwp%2Fv2%2Fcomments&post=329570"}],"version-history":[{"count":1,"href":"https:\/\/archive.sana.sy\/es\/index.php?rest_route=\/wp\/v2\/posts\/329570\/revisions"}],"predecessor-version":[{"id":329572,"href":"https:\/\/archive.sana.sy\/es\/index.php?rest_route=\/wp\/v2\/posts\/329570\/revisions\/329572"}],"wp:featuredmedia":[{"embeddable":true,"href":"https:\/\/archive.sana.sy\/es\/index.php?rest_route=\/wp\/v2\/media\/329571"}],"wp:attachment":[{"href":"https:\/\/archive.sana.sy\/es\/index.php?rest_route=%2Fwp%2Fv2%2Fmedia&parent=329570"}],"wp:term":[{"taxonomy":"category","embeddable":true,"href":"https:\/\/archive.sana.sy\/es\/index.php?rest_route=%2Fwp%2Fv2%2Fcategories&post=329570"},{"taxonomy":"post_tag","embeddable":true,"href":"https:\/\/archive.sana.sy\/es\/index.php?rest_route=%2Fwp%2Fv2%2Ftags&post=329570"}],"curies":[{"name":"wp","href":"https:\/\/api.w.org\/{rel}","templated":true}]}}