{"id":329573,"date":"2024-05-18T16:33:14","date_gmt":"2024-05-18T13:33:14","guid":{"rendered":"https:\/\/sana.sy\/es\/?p=329573"},"modified":"2024-05-18T16:33:14","modified_gmt":"2024-05-18T13:33:14","slug":"reportan-muertos-y-heridos-en-el-dia-225-de-la-agresion-israeli-a-gaza","status":"publish","type":"post","link":"https:\/\/archive.sana.sy\/es\/?p=329573","title":{"rendered":"Reportan muertos y heridos en el d\u00eda 225 de la agresi\u00f3n israel\u00ed a Gaza"},"content":{"rendered":"<p style=\"text-align: justify;\"><span style=\"color: #800000;\"><strong>Jerusal\u00e9n ocupada, 18 may (SANA)<\/strong> <\/span>Tres palestinos murieron y otros resultaron heridos este s\u00e1bado por la continua agresi\u00f3n israel\u00ed contra la Franja de Gaza que ha entrado en su d\u00eda 225.<\/p>\n<p style=\"text-align: justify;\">Seg\u00fan la agencia palestina de noticias Wafa, los aviones de combate bombardearon una casa en el centro de la ciudad de Raf\u00e1, al sur de la Franja de Gaza, lo que provoc\u00f3 la muerte de dos palestinos.<\/p>\n<p style=\"text-align: justify;\">Asimismo, un palestino fue asesinado y otros resultaron heridos por un bombardeo de un avi\u00f3n israel\u00ed contra una casa en el campamento de Jabalia, en el norte de la Franja de Gaza.<\/p>\n<p style=\"text-align: justify;\">El n\u00famero total de v\u00edctimas de la actual agresi\u00f3n israel\u00ed en Gaza ascendi\u00f3 a 35 mil 386 muertos y 79 mil 366 heridos, inform\u00f3 el Ministerio de Salud palestino.<\/p>\n<p>ed\/fm<\/p>\n","protected":false},"excerpt":{"rendered":"<p>Jerusal\u00e9n ocupada, 18 may (SANA) Tres palestinos murieron y otros resultaron heridos este s\u00e1bado por la continua agresi\u00f3n israel\u00ed contra la Franja de Gaza que ha entrado en su d\u00eda 225. Seg\u00fan la agencia palestina de noticias Wafa, los aviones de combate bombardearon una casa en el centro de la ciudad de Raf\u00e1, al sur &hellip;<\/p>\n","protected":false},"author":32,"featured_media":329574,"comment_status":"closed","ping_status":"closed","sticky":false,"template":"","format":"standard","meta":{"footnotes":""},"categories":[597,456,20724,7541],"tags":[],"class_list":["post-329573","post","type-post","status-publish","format-standard","has-post-thumbnail","","category-cinta-de-noticias","category-arabe-internacional-politica","category-minuto-a-minuto","category-ultimas-noticias"],"_links":{"self":[{"href":"https:\/\/archive.sana.sy\/es\/index.php?rest_route=\/wp\/v2\/posts\/329573"}],"collection":[{"href":"https:\/\/archive.sana.sy\/es\/index.php?rest_route=\/wp\/v2\/posts"}],"about":[{"href":"https:\/\/archive.sana.sy\/es\/index.php?rest_route=\/wp\/v2\/types\/post"}],"author":[{"embeddable":true,"href":"https:\/\/archive.sana.sy\/es\/index.php?rest_route=\/wp\/v2\/users\/32"}],"replies":[{"embeddable":true,"href":"https:\/\/archive.sana.sy\/es\/index.php?rest_route=%2Fwp%2Fv2%2Fcomments&post=329573"}],"version-history":[{"count":1,"href":"https:\/\/archive.sana.sy\/es\/index.php?rest_route=\/wp\/v2\/posts\/329573\/revisions"}],"predecessor-version":[{"id":329575,"href":"https:\/\/archive.sana.sy\/es\/index.php?rest_route=\/wp\/v2\/posts\/329573\/revisions\/329575"}],"wp:featuredmedia":[{"embeddable":true,"href":"https:\/\/archive.sana.sy\/es\/index.php?rest_route=\/wp\/v2\/media\/329574"}],"wp:attachment":[{"href":"https:\/\/archive.sana.sy\/es\/index.php?rest_route=%2Fwp%2Fv2%2Fmedia&parent=329573"}],"wp:term":[{"taxonomy":"category","embeddable":true,"href":"https:\/\/archive.sana.sy\/es\/index.php?rest_route=%2Fwp%2Fv2%2Fcategories&post=329573"},{"taxonomy":"post_tag","embeddable":true,"href":"https:\/\/archive.sana.sy\/es\/index.php?rest_route=%2Fwp%2Fv2%2Ftags&post=329573"}],"curies":[{"name":"wp","href":"https:\/\/api.w.org\/{rel}","templated":true}]}}