{"id":329577,"date":"2024-05-18T17:35:16","date_gmt":"2024-05-18T14:35:16","guid":{"rendered":"https:\/\/sana.sy\/es\/?p=329577"},"modified":"2024-05-18T17:35:16","modified_gmt":"2024-05-18T14:35:16","slug":"terroristas-impiden-paso-de-estudiantes-para-que-realicen-sus-examenes-finales","status":"publish","type":"post","link":"https:\/\/archive.sana.sy\/es\/?p=329577","title":{"rendered":"Terroristas impiden paso de estudiantes para que realicen sus ex\u00e1menes finales"},"content":{"rendered":"<p style=\"text-align: justify;\"><span style=\"color: #800000;\"><strong>Idlib, 18 may (SANA)\u00a0<\/strong> <\/span>\u00a0El gobernador de la provincia septentrional de Idlib, Thaer Salhab, denunci\u00f3 hoy que las organizaciones terroristas impiden a cualquier estudiante salir por el corredor Tarnaba en el municipio de Saraqeb para que presenten sus ex\u00e1menes finales de noveno y doce grado, en zonas bajo control gubernamental.<\/p>\n<p style=\"text-align: justify;\">El gobernador declar\u00f3 a SANA que desde la apertura del corredor el d\u00eda 11 de este mes hasta el momento, los extremistas no han permitido el ingreso de ning\u00fan estudiante.<\/p>\n<p style=\"text-align: justify;\">Destac\u00f3 que los representantes de los ministerios del Interior, Educaci\u00f3n y Salud y de la Media Luna Roja \u00c1rabe Siria, est\u00e1n en plena disposici\u00f3n de recibir a los estudiantes.<\/p>\n<p style=\"text-align: justify;\">Las autoridades militares y educacionales abrieron el d\u00eda 11 de este mes un corredor en el \u00e1rea de Tarnaba en el municipio de Saraqueb, en la provincia septentrional de Idlib.<\/p>\n<p style=\"text-align: justify;\">El objetivo es permitir el paso de los estudiantes de noveno y doce grado para que se presenten a los ex\u00e1menes nacionales de educaci\u00f3n b\u00e1sica y secundaria.<\/p>\n<p style=\"text-align: justify;\">Las autoridades se encargar\u00e1n de trasladar los estudiantes a dos centros en el municipio de Khan Shaikhoun, en las zonas liberadas de Idlib.<\/p>\n<p style=\"text-align: justify;\">Decenas de estudiantes hab\u00edan solicitado realizar sus ex\u00e1menes en los centros estatales.<\/p>\n<p style=\"text-align: justify;\">fm\/rr<\/p>\n","protected":false},"excerpt":{"rendered":"<p>Idlib, 18 may (SANA)\u00a0 \u00a0El gobernador de la provincia septentrional de Idlib, Thaer Salhab, denunci\u00f3 hoy que las organizaciones terroristas impiden a cualquier estudiante salir por el corredor Tarnaba en el municipio de Saraqeb para que presenten sus ex\u00e1menes finales de noveno y doce grado, en zonas bajo control gubernamental. El gobernador declar\u00f3 a SANA &hellip;<\/p>\n","protected":false},"author":31,"featured_media":329578,"comment_status":"closed","ping_status":"closed","sticky":false,"template":"","format":"standard","meta":{"footnotes":""},"categories":[597,573,476,7541],"tags":[],"class_list":["post-329577","post","type-post","status-publish","format-standard","has-post-thumbnail","","category-cinta-de-noticias","category-la-realidad-de-los-acontecimientos-en-siria","category-locales","category-ultimas-noticias"],"_links":{"self":[{"href":"https:\/\/archive.sana.sy\/es\/index.php?rest_route=\/wp\/v2\/posts\/329577"}],"collection":[{"href":"https:\/\/archive.sana.sy\/es\/index.php?rest_route=\/wp\/v2\/posts"}],"about":[{"href":"https:\/\/archive.sana.sy\/es\/index.php?rest_route=\/wp\/v2\/types\/post"}],"author":[{"embeddable":true,"href":"https:\/\/archive.sana.sy\/es\/index.php?rest_route=\/wp\/v2\/users\/31"}],"replies":[{"embeddable":true,"href":"https:\/\/archive.sana.sy\/es\/index.php?rest_route=%2Fwp%2Fv2%2Fcomments&post=329577"}],"version-history":[{"count":1,"href":"https:\/\/archive.sana.sy\/es\/index.php?rest_route=\/wp\/v2\/posts\/329577\/revisions"}],"predecessor-version":[{"id":329579,"href":"https:\/\/archive.sana.sy\/es\/index.php?rest_route=\/wp\/v2\/posts\/329577\/revisions\/329579"}],"wp:featuredmedia":[{"embeddable":true,"href":"https:\/\/archive.sana.sy\/es\/index.php?rest_route=\/wp\/v2\/media\/329578"}],"wp:attachment":[{"href":"https:\/\/archive.sana.sy\/es\/index.php?rest_route=%2Fwp%2Fv2%2Fmedia&parent=329577"}],"wp:term":[{"taxonomy":"category","embeddable":true,"href":"https:\/\/archive.sana.sy\/es\/index.php?rest_route=%2Fwp%2Fv2%2Fcategories&post=329577"},{"taxonomy":"post_tag","embeddable":true,"href":"https:\/\/archive.sana.sy\/es\/index.php?rest_route=%2Fwp%2Fv2%2Ftags&post=329577"}],"curies":[{"name":"wp","href":"https:\/\/api.w.org\/{rel}","templated":true}]}}