{"id":329580,"date":"2024-05-19T05:46:53","date_gmt":"2024-05-19T02:46:53","guid":{"rendered":"https:\/\/sana.sy\/es\/?p=329580"},"modified":"2024-05-19T05:46:53","modified_gmt":"2024-05-19T02:46:53","slug":"masivas-manifestaciones-en-el-mundo-contra-la-agresion-israeli-a-gaza","status":"publish","type":"post","link":"https:\/\/archive.sana.sy\/es\/?p=329580","title":{"rendered":"Masivas manifestaciones en el mundo contra la agresi\u00f3n israel\u00ed a Gaza"},"content":{"rendered":"<p><span style=\"color: #800000;\"><strong>Capitales, 19 may (SANA)\u00a0<\/strong> <\/span>Numerosas ciudades y capitales en el mundo fueron testigos de manifestaciones masivas para denunciar la agresi\u00f3n israel\u00ed a la Franja de Gaza.<\/p>\n<p>Decenas de miles de personas participaron en manifestaciones organizadas en Par\u00eds, Copenhague, Viena, T\u00fanez, Berl\u00edn, Londres, Malmo en Suecia, Florencia en Italia y Estambul en Turqu\u00eda, en apoyo al pueblo palestino y para exigir el fin de la agresi\u00f3n y la entrada de ayuda humanitaria.<\/p>\n<p>Los participantes en las manifestaciones izaron banderas palestinas y pancartas que denuncian los cr\u00edmenes cometidos por el ocupante israel\u00ed contra el pueblo palestino.<\/p>\n<p>Asimismo, pidieron el fin del doble rasero y la necesidad de procesar a los funcionarios israel\u00edes por sus masacres contra el pueblo palestino.<\/p>\n<p>La capital brit\u00e1nica, Londres, fue testigo de una manifestaci\u00f3n masiva en rechazo a la actual agresi\u00f3n israel\u00ed y en conmemoraci\u00f3n del 76\u00ba aniversario de la Nakba palestina.<\/p>\n<p>Seg\u00fan los diarios brit\u00e1nicos, esta multitudinaria reuni\u00f3n viene a subrayar la exigencia de la comunidad internacional de detener el genocidio en Gaza y levantar el asedio a la Franja, mientras los brit\u00e1nicos exigen al gobierno de su pa\u00eds que deje de armar al ocupante israel\u00ed.<\/p>\n<p>fm<\/p>\n","protected":false},"excerpt":{"rendered":"<p>Capitales, 19 may (SANA)\u00a0 Numerosas ciudades y capitales en el mundo fueron testigos de manifestaciones masivas para denunciar la agresi\u00f3n israel\u00ed a la Franja de Gaza. Decenas de miles de personas participaron en manifestaciones organizadas en Par\u00eds, Copenhague, Viena, T\u00fanez, Berl\u00edn, Londres, Malmo en Suecia, Florencia en Italia y Estambul en Turqu\u00eda, en apoyo al &hellip;<\/p>\n","protected":false},"author":34,"featured_media":329581,"comment_status":"closed","ping_status":"closed","sticky":false,"template":"","format":"standard","meta":{"footnotes":""},"categories":[597,456,20724,583],"tags":[],"class_list":["post-329580","post","type-post","status-publish","format-standard","has-post-thumbnail","","category-cinta-de-noticias","category-arabe-internacional-politica","category-minuto-a-minuto","category-slide"],"_links":{"self":[{"href":"https:\/\/archive.sana.sy\/es\/index.php?rest_route=\/wp\/v2\/posts\/329580"}],"collection":[{"href":"https:\/\/archive.sana.sy\/es\/index.php?rest_route=\/wp\/v2\/posts"}],"about":[{"href":"https:\/\/archive.sana.sy\/es\/index.php?rest_route=\/wp\/v2\/types\/post"}],"author":[{"embeddable":true,"href":"https:\/\/archive.sana.sy\/es\/index.php?rest_route=\/wp\/v2\/users\/34"}],"replies":[{"embeddable":true,"href":"https:\/\/archive.sana.sy\/es\/index.php?rest_route=%2Fwp%2Fv2%2Fcomments&post=329580"}],"version-history":[{"count":1,"href":"https:\/\/archive.sana.sy\/es\/index.php?rest_route=\/wp\/v2\/posts\/329580\/revisions"}],"predecessor-version":[{"id":329582,"href":"https:\/\/archive.sana.sy\/es\/index.php?rest_route=\/wp\/v2\/posts\/329580\/revisions\/329582"}],"wp:featuredmedia":[{"embeddable":true,"href":"https:\/\/archive.sana.sy\/es\/index.php?rest_route=\/wp\/v2\/media\/329581"}],"wp:attachment":[{"href":"https:\/\/archive.sana.sy\/es\/index.php?rest_route=%2Fwp%2Fv2%2Fmedia&parent=329580"}],"wp:term":[{"taxonomy":"category","embeddable":true,"href":"https:\/\/archive.sana.sy\/es\/index.php?rest_route=%2Fwp%2Fv2%2Fcategories&post=329580"},{"taxonomy":"post_tag","embeddable":true,"href":"https:\/\/archive.sana.sy\/es\/index.php?rest_route=%2Fwp%2Fv2%2Ftags&post=329580"}],"curies":[{"name":"wp","href":"https:\/\/api.w.org\/{rel}","templated":true}]}}