{"id":329583,"date":"2024-05-19T05:56:09","date_gmt":"2024-05-19T02:56:09","guid":{"rendered":"https:\/\/sana.sy\/es\/?p=329583"},"modified":"2024-05-19T05:56:09","modified_gmt":"2024-05-19T02:56:09","slug":"ataque-israeli-a-rafa-desplazo-a-800-000-palestinos","status":"publish","type":"post","link":"https:\/\/archive.sana.sy\/es\/?p=329583","title":{"rendered":"Ataque israel\u00ed a Raf\u00e1 desplaz\u00f3 a 800.000 palestinos"},"content":{"rendered":"<p style=\"text-align: justify;\"><span style=\"color: #800000;\"><strong>Raf\u00e1, 19 may (SANA)\u00a0<\/strong> <\/span>El comisario general de la Agencia de Naciones Unidas para los Refugiados de Palestina (UNRWA), Philippe Lazzarini, confirm\u00f3 que los ataques israel\u00edes a Raf\u00e1, en el sur de la Franja de Gaza, provocaron el desplazamiento de 800.000 palestinos de la ciudad.<\/p>\n<p style=\"text-align: justify;\">Casi la mitad de la poblaci\u00f3n de Raf\u00e1 vive en la intemperie tras haberse visto obligada a huir por los bombardeos y amenazas israel\u00edes, escribi\u00f3 \u00a0Lazzarini en la plataforma X.<\/p>\n<p style=\"text-align: justify;\">Asegur\u00f3 que la gente est\u00e1 huyendo a zonas que carecen de servicios de agua y saneamiento, y agreg\u00f3 que la zona costera de Al-Mawasi, que tiene un \u00e1rea de 14 kil\u00f3metros cuadrados, as\u00ed como la ciudad de Deir Al-Balah en el centro de la Franja, se han vuelto abarrotados de personas desplazadas.<\/p>\n<p style=\"text-align: justify;\">Las fuerzas de ocupaci\u00f3n israel\u00edes irrumpieron en el este de Raf\u00e1 el 7 de este mes y cerraron el cruce vital para el transporte de suministros y combustible necesarios para las operaciones humanitarias en la Franja.<\/p>\n<p>fm<\/p>\n","protected":false},"excerpt":{"rendered":"<p>Raf\u00e1, 19 may (SANA)\u00a0 El comisario general de la Agencia de Naciones Unidas para los Refugiados de Palestina (UNRWA), Philippe Lazzarini, confirm\u00f3 que los ataques israel\u00edes a Raf\u00e1, en el sur de la Franja de Gaza, provocaron el desplazamiento de 800.000 palestinos de la ciudad. Casi la mitad de la poblaci\u00f3n de Raf\u00e1 vive en &hellip;<\/p>\n","protected":false},"author":34,"featured_media":329584,"comment_status":"closed","ping_status":"closed","sticky":false,"template":"","format":"standard","meta":{"footnotes":""},"categories":[597,456,20724,7541],"tags":[],"class_list":["post-329583","post","type-post","status-publish","format-standard","has-post-thumbnail","","category-cinta-de-noticias","category-arabe-internacional-politica","category-minuto-a-minuto","category-ultimas-noticias"],"_links":{"self":[{"href":"https:\/\/archive.sana.sy\/es\/index.php?rest_route=\/wp\/v2\/posts\/329583"}],"collection":[{"href":"https:\/\/archive.sana.sy\/es\/index.php?rest_route=\/wp\/v2\/posts"}],"about":[{"href":"https:\/\/archive.sana.sy\/es\/index.php?rest_route=\/wp\/v2\/types\/post"}],"author":[{"embeddable":true,"href":"https:\/\/archive.sana.sy\/es\/index.php?rest_route=\/wp\/v2\/users\/34"}],"replies":[{"embeddable":true,"href":"https:\/\/archive.sana.sy\/es\/index.php?rest_route=%2Fwp%2Fv2%2Fcomments&post=329583"}],"version-history":[{"count":1,"href":"https:\/\/archive.sana.sy\/es\/index.php?rest_route=\/wp\/v2\/posts\/329583\/revisions"}],"predecessor-version":[{"id":329585,"href":"https:\/\/archive.sana.sy\/es\/index.php?rest_route=\/wp\/v2\/posts\/329583\/revisions\/329585"}],"wp:featuredmedia":[{"embeddable":true,"href":"https:\/\/archive.sana.sy\/es\/index.php?rest_route=\/wp\/v2\/media\/329584"}],"wp:attachment":[{"href":"https:\/\/archive.sana.sy\/es\/index.php?rest_route=%2Fwp%2Fv2%2Fmedia&parent=329583"}],"wp:term":[{"taxonomy":"category","embeddable":true,"href":"https:\/\/archive.sana.sy\/es\/index.php?rest_route=%2Fwp%2Fv2%2Fcategories&post=329583"},{"taxonomy":"post_tag","embeddable":true,"href":"https:\/\/archive.sana.sy\/es\/index.php?rest_route=%2Fwp%2Fv2%2Ftags&post=329583"}],"curies":[{"name":"wp","href":"https:\/\/api.w.org\/{rel}","templated":true}]}}