{"id":329614,"date":"2024-05-19T15:27:17","date_gmt":"2024-05-19T12:27:17","guid":{"rendered":"https:\/\/sana.sy\/es\/?p=329614"},"modified":"2024-05-19T15:27:17","modified_gmt":"2024-05-19T12:27:17","slug":"un-dron-ucraniano-ataca-a-un-autobus-y-causa-un-muerto-y-16-heridos","status":"publish","type":"post","link":"https:\/\/archive.sana.sy\/es\/?p=329614","title":{"rendered":"Un dron ucraniano ataca a un autob\u00fas y causa un muerto y 16 heridos"},"content":{"rendered":"<p style=\"text-align: justify;\"><span style=\"color: #800000;\"><strong>Mosc\u00fa, 19 may (SANA)<\/strong> <\/span>Un civil muri\u00f3 y otros 16 resultaron heridos en un ataque de las fuerzas ucranianas contra un minib\u00fas en la provincia rusa de Jers\u00f3n.<\/p>\n<p style=\"text-align: justify;\">&#8220;Las fuerzas ucranianas atacaron con un dron un minib\u00fas que transportaba 17 civiles en la aldea de Radinsk, distrito de Aleshkinsky, matando a una persona e hiriendo a otras 16&#8221;, cit\u00f3 TASS a Vladimir Saldo, el gobernador de Jers\u00f3n.<\/p>\n<p style=\"text-align: justify;\">Las fuerzas ucranianas bombardean con artiller\u00eda y misiles casi a diario las zonas fronterizas con Rusia.<\/p>\n<p style=\"text-align: justify;\">as\/fm<\/p>\n","protected":false},"excerpt":{"rendered":"<p>Mosc\u00fa, 19 may (SANA) Un civil muri\u00f3 y otros 16 resultaron heridos en un ataque de las fuerzas ucranianas contra un minib\u00fas en la provincia rusa de Jers\u00f3n. &#8220;Las fuerzas ucranianas atacaron con un dron un minib\u00fas que transportaba 17 civiles en la aldea de Radinsk, distrito de Aleshkinsky, matando a una persona e hiriendo &hellip;<\/p>\n","protected":false},"author":42,"featured_media":329615,"comment_status":"closed","ping_status":"closed","sticky":false,"template":"","format":"standard","meta":{"footnotes":""},"categories":[597,456,16687,20724,7541],"tags":[],"class_list":["post-329614","post","type-post","status-publish","format-standard","has-post-thumbnail","","category-cinta-de-noticias","category-arabe-internacional-politica","category-internacionales","category-minuto-a-minuto","category-ultimas-noticias"],"_links":{"self":[{"href":"https:\/\/archive.sana.sy\/es\/index.php?rest_route=\/wp\/v2\/posts\/329614"}],"collection":[{"href":"https:\/\/archive.sana.sy\/es\/index.php?rest_route=\/wp\/v2\/posts"}],"about":[{"href":"https:\/\/archive.sana.sy\/es\/index.php?rest_route=\/wp\/v2\/types\/post"}],"author":[{"embeddable":true,"href":"https:\/\/archive.sana.sy\/es\/index.php?rest_route=\/wp\/v2\/users\/42"}],"replies":[{"embeddable":true,"href":"https:\/\/archive.sana.sy\/es\/index.php?rest_route=%2Fwp%2Fv2%2Fcomments&post=329614"}],"version-history":[{"count":1,"href":"https:\/\/archive.sana.sy\/es\/index.php?rest_route=\/wp\/v2\/posts\/329614\/revisions"}],"predecessor-version":[{"id":329616,"href":"https:\/\/archive.sana.sy\/es\/index.php?rest_route=\/wp\/v2\/posts\/329614\/revisions\/329616"}],"wp:featuredmedia":[{"embeddable":true,"href":"https:\/\/archive.sana.sy\/es\/index.php?rest_route=\/wp\/v2\/media\/329615"}],"wp:attachment":[{"href":"https:\/\/archive.sana.sy\/es\/index.php?rest_route=%2Fwp%2Fv2%2Fmedia&parent=329614"}],"wp:term":[{"taxonomy":"category","embeddable":true,"href":"https:\/\/archive.sana.sy\/es\/index.php?rest_route=%2Fwp%2Fv2%2Fcategories&post=329614"},{"taxonomy":"post_tag","embeddable":true,"href":"https:\/\/archive.sana.sy\/es\/index.php?rest_route=%2Fwp%2Fv2%2Ftags&post=329614"}],"curies":[{"name":"wp","href":"https:\/\/api.w.org\/{rel}","templated":true}]}}