{"id":329625,"date":"2024-05-19T16:25:45","date_gmt":"2024-05-19T13:25:45","guid":{"rendered":"https:\/\/sana.sy\/es\/?p=329625"},"modified":"2024-05-19T17:01:16","modified_gmt":"2024-05-19T14:01:16","slug":"la-isla-de-taiwan-es-parte-inalienable-de-la-republica-popular-china-reitera-damasco","status":"publish","type":"post","link":"https:\/\/archive.sana.sy\/es\/?p=329625","title":{"rendered":"La isla de Taiw\u00e1n es parte inalienable de la Rep\u00fablica Popular China, reitera Damasco"},"content":{"rendered":"<p style=\"text-align: justify;\"><span style=\"color: #800000;\"><strong>Damasco, 19 may (SANA)<\/strong><\/span> El Ministerio de Asuntos Exteriores y Expatriados consider\u00f3 hoy que la isla de Taiw\u00e1n es parte inalienable de la Rep\u00fablica Popular China por m\u00e1s procedimientos o elecciones que se efect\u00faen en esta isla.<\/p>\n<p style=\"text-align: justify;\">Ante la proximidad de la fecha de la toma de posesi\u00f3n presidencial en Taiw\u00e1n, prevista para el 20 de mayo de 2024, Siria confirma su apoyo y adhesi\u00f3n al principio de \u201cUna China\u201d, representado por el gobierno de la Rep\u00fablica Popular China, afirm\u00f3 la Canciller\u00eda por medio de un comunicado.<\/p>\n<p style=\"text-align: justify;\">Ratific\u00f3 que la isla de Taiw\u00e1n es parte inalienable de la Rep\u00fablica Popular China y que ning\u00fan procedimiento o elecci\u00f3n efectuada en la isla pueda afectar esta realidad<\/p>\n<p style=\"text-align: justify;\">Por otro lado, se\u00f1al\u00f3 que Damasco apoya los esfuerzos de China para preservar su soberan\u00eda, integridad territorial y unidad.<\/p>\n<p style=\"text-align: justify;\">Concluy\u00f3 el Ministerio su declaraci\u00f3n con condenar los intentos de injerencia extranjera en los asuntos internos chinos y todas las provocaciones y acciones que intensificar\u00edan la situaci\u00f3n en la regi\u00f3n de Asia Oriental y desestabilizar\u00edan la seguridad y la estabilidad internacionales.<\/p>\n<p style=\"text-align: justify;\">fm\/as<\/p>\n","protected":false},"excerpt":{"rendered":"<p>Damasco, 19 may (SANA) El Ministerio de Asuntos Exteriores y Expatriados consider\u00f3 hoy que la isla de Taiw\u00e1n es parte inalienable de la Rep\u00fablica Popular China por m\u00e1s procedimientos o elecciones que se efect\u00faen en esta isla. Ante la proximidad de la fecha de la toma de posesi\u00f3n presidencial en Taiw\u00e1n, prevista para el 20 &hellip;<\/p>\n","protected":false},"author":42,"featured_media":329626,"comment_status":"closed","ping_status":"closed","sticky":false,"template":"","format":"standard","meta":{"footnotes":""},"categories":[597,20724,467,583],"tags":[],"class_list":["post-329625","post","type-post","status-publish","format-standard","has-post-thumbnail","","category-cinta-de-noticias","category-minuto-a-minuto","category-siria-y-el-mundo","category-slide"],"_links":{"self":[{"href":"https:\/\/archive.sana.sy\/es\/index.php?rest_route=\/wp\/v2\/posts\/329625"}],"collection":[{"href":"https:\/\/archive.sana.sy\/es\/index.php?rest_route=\/wp\/v2\/posts"}],"about":[{"href":"https:\/\/archive.sana.sy\/es\/index.php?rest_route=\/wp\/v2\/types\/post"}],"author":[{"embeddable":true,"href":"https:\/\/archive.sana.sy\/es\/index.php?rest_route=\/wp\/v2\/users\/42"}],"replies":[{"embeddable":true,"href":"https:\/\/archive.sana.sy\/es\/index.php?rest_route=%2Fwp%2Fv2%2Fcomments&post=329625"}],"version-history":[{"count":2,"href":"https:\/\/archive.sana.sy\/es\/index.php?rest_route=\/wp\/v2\/posts\/329625\/revisions"}],"predecessor-version":[{"id":329641,"href":"https:\/\/archive.sana.sy\/es\/index.php?rest_route=\/wp\/v2\/posts\/329625\/revisions\/329641"}],"wp:featuredmedia":[{"embeddable":true,"href":"https:\/\/archive.sana.sy\/es\/index.php?rest_route=\/wp\/v2\/media\/329626"}],"wp:attachment":[{"href":"https:\/\/archive.sana.sy\/es\/index.php?rest_route=%2Fwp%2Fv2%2Fmedia&parent=329625"}],"wp:term":[{"taxonomy":"category","embeddable":true,"href":"https:\/\/archive.sana.sy\/es\/index.php?rest_route=%2Fwp%2Fv2%2Fcategories&post=329625"},{"taxonomy":"post_tag","embeddable":true,"href":"https:\/\/archive.sana.sy\/es\/index.php?rest_route=%2Fwp%2Fv2%2Ftags&post=329625"}],"curies":[{"name":"wp","href":"https:\/\/api.w.org\/{rel}","templated":true}]}}