{"id":329629,"date":"2024-05-19T16:26:12","date_gmt":"2024-05-19T13:26:12","guid":{"rendered":"https:\/\/sana.sy\/es\/?p=329629"},"modified":"2024-07-15T20:43:50","modified_gmt":"2024-07-15T17:43:50","slug":"medios-de-prensa-iranies-informan-que-un-helicoptero-que-posiblemente-transportaba-al-presidente-irani-ebrahim-raisi-se-estrello-en-azerbaiyan-meridional-hasta-ahora-no-hay-ninguna-confirmacion-ofi","status":"publish","type":"post","link":"https:\/\/archive.sana.sy\/es\/?p=329629","title":{"rendered":"Medios de prensa iran\u00edes Informan que un helic\u00f3ptero que posiblemente transportaba al presidente iran\u00ed, Ebrahim Raisi, se estrell\u00f3 en Azerbaiy\u00e1n meridional. Hasta ahora no hay ninguna confirmaci\u00f3n oficial."},"content":{"rendered":"","protected":false},"excerpt":{"rendered":"","protected":false},"author":42,"featured_media":0,"comment_status":"closed","ping_status":"closed","sticky":false,"template":"","format":"standard","meta":{"footnotes":""},"categories":[596],"tags":[],"class_list":["post-329629","post","type-post","status-publish","format-standard","","category-urgente"],"_links":{"self":[{"href":"https:\/\/archive.sana.sy\/es\/index.php?rest_route=\/wp\/v2\/posts\/329629"}],"collection":[{"href":"https:\/\/archive.sana.sy\/es\/index.php?rest_route=\/wp\/v2\/posts"}],"about":[{"href":"https:\/\/archive.sana.sy\/es\/index.php?rest_route=\/wp\/v2\/types\/post"}],"author":[{"embeddable":true,"href":"https:\/\/archive.sana.sy\/es\/index.php?rest_route=\/wp\/v2\/users\/42"}],"replies":[{"embeddable":true,"href":"https:\/\/archive.sana.sy\/es\/index.php?rest_route=%2Fwp%2Fv2%2Fcomments&post=329629"}],"version-history":[{"count":1,"href":"https:\/\/archive.sana.sy\/es\/index.php?rest_route=\/wp\/v2\/posts\/329629\/revisions"}],"predecessor-version":[{"id":329630,"href":"https:\/\/archive.sana.sy\/es\/index.php?rest_route=\/wp\/v2\/posts\/329629\/revisions\/329630"}],"wp:attachment":[{"href":"https:\/\/archive.sana.sy\/es\/index.php?rest_route=%2Fwp%2Fv2%2Fmedia&parent=329629"}],"wp:term":[{"taxonomy":"category","embeddable":true,"href":"https:\/\/archive.sana.sy\/es\/index.php?rest_route=%2Fwp%2Fv2%2Fcategories&post=329629"},{"taxonomy":"post_tag","embeddable":true,"href":"https:\/\/archive.sana.sy\/es\/index.php?rest_route=%2Fwp%2Fv2%2Ftags&post=329629"}],"curies":[{"name":"wp","href":"https:\/\/api.w.org\/{rel}","templated":true}]}}