{"id":329631,"date":"2024-05-19T16:29:24","date_gmt":"2024-05-19T13:29:24","guid":{"rendered":"https:\/\/sana.sy\/es\/?p=329631"},"modified":"2024-05-19T16:29:24","modified_gmt":"2024-05-19T13:29:24","slug":"television-irani-el-helicoptero-del-presidente-irani-se-vio-obligado-a-hacer-un-aterrizaje-de-emergencia-debido-a-las-malas-condiciones-climaticas-y-raisi-fue-transladado-por-tierra-a-la-provincia-de","status":"publish","type":"post","link":"https:\/\/archive.sana.sy\/es\/?p=329631","title":{"rendered":"Televisi\u00f3n iran\u00ed: El helic\u00f3ptero del presidente iran\u00ed se vio obligado a hacer un aterrizaje de emergencia debido a las malas condiciones clim\u00e1ticas y Raisi fue transladado por tierra a la provincia de Azerbaiy\u00e1n Oriental."},"content":{"rendered":"","protected":false},"excerpt":{"rendered":"","protected":false},"author":42,"featured_media":0,"comment_status":"closed","ping_status":"closed","sticky":false,"template":"","format":"standard","meta":{"footnotes":""},"categories":[20724,596],"tags":[],"class_list":["post-329631","post","type-post","status-publish","format-standard","","category-minuto-a-minuto","category-urgente"],"_links":{"self":[{"href":"https:\/\/archive.sana.sy\/es\/index.php?rest_route=\/wp\/v2\/posts\/329631"}],"collection":[{"href":"https:\/\/archive.sana.sy\/es\/index.php?rest_route=\/wp\/v2\/posts"}],"about":[{"href":"https:\/\/archive.sana.sy\/es\/index.php?rest_route=\/wp\/v2\/types\/post"}],"author":[{"embeddable":true,"href":"https:\/\/archive.sana.sy\/es\/index.php?rest_route=\/wp\/v2\/users\/42"}],"replies":[{"embeddable":true,"href":"https:\/\/archive.sana.sy\/es\/index.php?rest_route=%2Fwp%2Fv2%2Fcomments&post=329631"}],"version-history":[{"count":1,"href":"https:\/\/archive.sana.sy\/es\/index.php?rest_route=\/wp\/v2\/posts\/329631\/revisions"}],"predecessor-version":[{"id":329632,"href":"https:\/\/archive.sana.sy\/es\/index.php?rest_route=\/wp\/v2\/posts\/329631\/revisions\/329632"}],"wp:attachment":[{"href":"https:\/\/archive.sana.sy\/es\/index.php?rest_route=%2Fwp%2Fv2%2Fmedia&parent=329631"}],"wp:term":[{"taxonomy":"category","embeddable":true,"href":"https:\/\/archive.sana.sy\/es\/index.php?rest_route=%2Fwp%2Fv2%2Fcategories&post=329631"},{"taxonomy":"post_tag","embeddable":true,"href":"https:\/\/archive.sana.sy\/es\/index.php?rest_route=%2Fwp%2Fv2%2Ftags&post=329631"}],"curies":[{"name":"wp","href":"https:\/\/api.w.org\/{rel}","templated":true}]}}