{"id":329633,"date":"2024-05-19T16:38:10","date_gmt":"2024-05-19T13:38:10","guid":{"rendered":"https:\/\/sana.sy\/es\/?p=329633"},"modified":"2024-05-19T16:38:10","modified_gmt":"2024-05-19T13:38:10","slug":"explosion-de-una-bomba-mata-a-un-policia-e-hiere-a-un-oficial","status":"publish","type":"post","link":"https:\/\/archive.sana.sy\/es\/?p=329633","title":{"rendered":"Explosi\u00f3n de una bomba mata a un polic\u00eda e hiere a un oficial"},"content":{"rendered":"<p style=\"text-align: justify;\"><span style=\"color: #800000;\"><strong>Homs, 19 may (SANA)<\/strong><\/span> Un polic\u00eda perdi\u00f3 la vida y un oficial result\u00f3 herido por la explosi\u00f3n de una bomba al norte de la ciudad de Homs, cabecera de la provincia del mismo nombre.<\/p>\n<p style=\"text-align: justify;\">El Ministerio del Interior inform\u00f3 en un comunicado que la explosi\u00f3n ocurri\u00f3 cerca de la localidad de Termalah, y aclar\u00f3 que el oficial herido tiene un rango de capit\u00e1n.<\/p>\n<p style=\"text-align: justify;\">La nota aclar\u00f3 que se est\u00e1n investigando las causas y autores del atentado.<\/p>\n<p style=\"text-align: justify;\">fm\/as<\/p>\n","protected":false},"excerpt":{"rendered":"<p>Homs, 19 may (SANA) Un polic\u00eda perdi\u00f3 la vida y un oficial result\u00f3 herido por la explosi\u00f3n de una bomba al norte de la ciudad de Homs, cabecera de la provincia del mismo nombre. El Ministerio del Interior inform\u00f3 en un comunicado que la explosi\u00f3n ocurri\u00f3 cerca de la localidad de Termalah, y aclar\u00f3 que &hellip;<\/p>\n","protected":false},"author":42,"featured_media":329634,"comment_status":"closed","ping_status":"closed","sticky":false,"template":"","format":"standard","meta":{"footnotes":""},"categories":[597,20724,16688,476,7541],"tags":[],"class_list":["post-329633","post","type-post","status-publish","format-standard","has-post-thumbnail","","category-cinta-de-noticias","category-minuto-a-minuto","category-nacionales","category-locales","category-ultimas-noticias"],"_links":{"self":[{"href":"https:\/\/archive.sana.sy\/es\/index.php?rest_route=\/wp\/v2\/posts\/329633"}],"collection":[{"href":"https:\/\/archive.sana.sy\/es\/index.php?rest_route=\/wp\/v2\/posts"}],"about":[{"href":"https:\/\/archive.sana.sy\/es\/index.php?rest_route=\/wp\/v2\/types\/post"}],"author":[{"embeddable":true,"href":"https:\/\/archive.sana.sy\/es\/index.php?rest_route=\/wp\/v2\/users\/42"}],"replies":[{"embeddable":true,"href":"https:\/\/archive.sana.sy\/es\/index.php?rest_route=%2Fwp%2Fv2%2Fcomments&post=329633"}],"version-history":[{"count":1,"href":"https:\/\/archive.sana.sy\/es\/index.php?rest_route=\/wp\/v2\/posts\/329633\/revisions"}],"predecessor-version":[{"id":329635,"href":"https:\/\/archive.sana.sy\/es\/index.php?rest_route=\/wp\/v2\/posts\/329633\/revisions\/329635"}],"wp:featuredmedia":[{"embeddable":true,"href":"https:\/\/archive.sana.sy\/es\/index.php?rest_route=\/wp\/v2\/media\/329634"}],"wp:attachment":[{"href":"https:\/\/archive.sana.sy\/es\/index.php?rest_route=%2Fwp%2Fv2%2Fmedia&parent=329633"}],"wp:term":[{"taxonomy":"category","embeddable":true,"href":"https:\/\/archive.sana.sy\/es\/index.php?rest_route=%2Fwp%2Fv2%2Fcategories&post=329633"},{"taxonomy":"post_tag","embeddable":true,"href":"https:\/\/archive.sana.sy\/es\/index.php?rest_route=%2Fwp%2Fv2%2Ftags&post=329633"}],"curies":[{"name":"wp","href":"https:\/\/api.w.org\/{rel}","templated":true}]}}