{"id":329636,"date":"2024-05-19T16:40:52","date_gmt":"2024-05-19T13:40:52","guid":{"rendered":"https:\/\/sana.sy\/es\/?p=329636"},"modified":"2024-05-20T06:29:19","modified_gmt":"2024-05-20T03:29:19","slug":"helicoptero-del-presidente-irani-sufre-accidente-y-los-equipos-de-rescate-no-logran-llegar-al-lugar","status":"publish","type":"post","link":"https:\/\/archive.sana.sy\/es\/?p=329636","title":{"rendered":"Helic\u00f3ptero del presidente iran\u00ed sufre accidente y los equipos de rescate no logran llegar al lugar"},"content":{"rendered":"<p style=\"text-align: justify;\"><span style=\"color: #800000;\"><strong>Teher\u00e1n, 19 may (SANA)<\/strong> <\/span>El helic\u00f3ptero del presidente iran\u00ed, Ibrahim Raisi, sufri\u00f3 hoy un accidente al tener que hacer aterrizaje de emergencia, en la provincia de Azerbaiy\u00e1n Oriental, en el distrito de Julfa.<\/p>\n<p style=\"text-align: justify;\">DE acuerdo con los medios de prensa iran\u00edes, junto al mandatario a bordo del helic\u00f3ptero se encontraba el ministro de Exteriores del pa\u00eds, Hussein Amir Abdullahian.<\/p>\n<p>Agregaron que hab\u00eda un total de 3 helic\u00f3pteros en el convoy, 2 de ellos llegaron a su destino sin percances.<\/p>\n<p style=\"text-align: justify;\">Las dif\u00edciles condiciones meteorol\u00f3gicas est\u00e1n dificultando el acceso de los rescatistas al lugar del presunto accidente.<\/p>\n<p style=\"text-align: justify;\">fm\/as<\/p>\n","protected":false},"excerpt":{"rendered":"<p>Teher\u00e1n, 19 may (SANA) El helic\u00f3ptero del presidente iran\u00ed, Ibrahim Raisi, sufri\u00f3 hoy un accidente al tener que hacer aterrizaje de emergencia, en la provincia de Azerbaiy\u00e1n Oriental, en el distrito de Julfa. DE acuerdo con los medios de prensa iran\u00edes, junto al mandatario a bordo del helic\u00f3ptero se encontraba el ministro de Exteriores del &hellip;<\/p>\n","protected":false},"author":42,"featured_media":329637,"comment_status":"closed","ping_status":"closed","sticky":false,"template":"","format":"standard","meta":{"footnotes":""},"categories":[597,456,16687,20724],"tags":[],"class_list":["post-329636","post","type-post","status-publish","format-standard","has-post-thumbnail","","category-cinta-de-noticias","category-arabe-internacional-politica","category-internacionales","category-minuto-a-minuto"],"_links":{"self":[{"href":"https:\/\/archive.sana.sy\/es\/index.php?rest_route=\/wp\/v2\/posts\/329636"}],"collection":[{"href":"https:\/\/archive.sana.sy\/es\/index.php?rest_route=\/wp\/v2\/posts"}],"about":[{"href":"https:\/\/archive.sana.sy\/es\/index.php?rest_route=\/wp\/v2\/types\/post"}],"author":[{"embeddable":true,"href":"https:\/\/archive.sana.sy\/es\/index.php?rest_route=\/wp\/v2\/users\/42"}],"replies":[{"embeddable":true,"href":"https:\/\/archive.sana.sy\/es\/index.php?rest_route=%2Fwp%2Fv2%2Fcomments&post=329636"}],"version-history":[{"count":2,"href":"https:\/\/archive.sana.sy\/es\/index.php?rest_route=\/wp\/v2\/posts\/329636\/revisions"}],"predecessor-version":[{"id":329648,"href":"https:\/\/archive.sana.sy\/es\/index.php?rest_route=\/wp\/v2\/posts\/329636\/revisions\/329648"}],"wp:featuredmedia":[{"embeddable":true,"href":"https:\/\/archive.sana.sy\/es\/index.php?rest_route=\/wp\/v2\/media\/329637"}],"wp:attachment":[{"href":"https:\/\/archive.sana.sy\/es\/index.php?rest_route=%2Fwp%2Fv2%2Fmedia&parent=329636"}],"wp:term":[{"taxonomy":"category","embeddable":true,"href":"https:\/\/archive.sana.sy\/es\/index.php?rest_route=%2Fwp%2Fv2%2Fcategories&post=329636"},{"taxonomy":"post_tag","embeddable":true,"href":"https:\/\/archive.sana.sy\/es\/index.php?rest_route=%2Fwp%2Fv2%2Ftags&post=329636"}],"curies":[{"name":"wp","href":"https:\/\/api.w.org\/{rel}","templated":true}]}}